{"id":1228,"date":"2020-06-17T07:21:27","date_gmt":"2020-06-17T10:21:27","guid":{"rendered":"http:\/\/ocoerente.com.br\/se\/?p=1228"},"modified":"2020-06-17T07:21:41","modified_gmt":"2020-06-17T10:21:41","slug":"smtt-altera-transito-das-avenidas-general-calazans-e-beira-mar-nesta-quarta-e-quinta-feira","status":"publish","type":"post","link":"https:\/\/ocoerente.com.br\/se\/2020\/06\/17\/smtt-altera-transito-das-avenidas-general-calazans-e-beira-mar-nesta-quarta-e-quinta-feira\/","title":{"rendered":"SMTT altera tr\u00e2nsito das avenidas General Calazans e Beira Mar nesta quarta e quinta-feira"},"content":{"rendered":"<p>A Prefeitura de Aracaju promover\u00e1 nesta quarta e quinta-feira, dias 17 e 18, a vacina\u00e7\u00e3o contra a influenza em sistema drive thru no Aracaju Parque Shopping, localizado no bairro Industrial, e no Shopping Riomar, na Coroa do Meio, respectivamente. Devido a esta a\u00e7\u00e3o, a Superintend\u00eancia Municipal de Transportes e Tr\u00e2nsito (SMTT) promover\u00e1 altera\u00e7\u00f5es tempor\u00e1rias no tr\u00e2nsito.<\/p>\n<p>Na quarta (17), durante a a\u00e7\u00e3o no Aracaju Parque Shopping, a avenida General Calazans, nas proximidades do empreendimento comercial, ficar\u00e1 canalizada das 6h \u00e0s 13h para a organiza\u00e7\u00e3o dos ve\u00edculos que ir\u00e3o para a \u00e1rea da vacina\u00e7\u00e3o. Dessa forma, o condutor que segue em dire\u00e7\u00e3o \u00e0 Orlinha do Bairro Industrial ter\u00e1 apenas uma faixa de rolamento, o que demanda redu\u00e7\u00e3o da velocidade e mais aten\u00e7\u00e3o nesse trecho. Os agentes da SMTT estar\u00e3o no local para auxiliar o tr\u00e1fego e orientar os condutores.<\/p>\n<p>J\u00e1 na quinta (18), com a vacina\u00e7\u00e3o no Shopping Riomar, haver\u00e1 altera\u00e7\u00f5es na avenida Beira Mar. Por isso, a partir das 6h, o condutor que segue pela Beira Mar, no sentido Centro\/Praias, n\u00e3o poder\u00e1 convergir \u00e0 esquerda para acessar a avenida Delmiro Gouveia. Os agentes de tr\u00e2nsito far\u00e3o o bloqueio da entrada. O retorno pr\u00f3ximo \u00e0 Embrapa tamb\u00e9m ser\u00e1 fechado e o condutor ter\u00e1 que seguir para o retorno em frente ao Parque dos Cajueiros.<\/p>\n<p>J\u00e1 o sentido Praias\/Centro estar\u00e1 livre, mas com uma faixa destinada \u00e0 fila \u00fanica que ser\u00e1 formada pelos ve\u00edculos que ir\u00e3o para a vacina\u00e7\u00e3o. Quem segue tamb\u00e9m pela avenida Jornalista Santos Santana, em dire\u00e7\u00e3o \u00e0 Beira Mar, n\u00e3o poder\u00e1 convergir \u00e0 esquerda. A direita estar\u00e1 livre para o acesso \u00e0 Beira Mar no sentido Sul. A previs\u00e3o \u00e9 de que as vias sejam liberadas \u00e0s 13h.<\/p>\n<p>\u201cMontamos um esquema de tr\u00e2nsito e teremos agentes nos dois shoppings para garantir a realiza\u00e7\u00e3o da vacina\u00e7\u00e3o, j\u00e1 que \u00e9 em sistema drive thru, e tamb\u00e9m a mobilidade urbana. A Prefeitura, mais uma vez, est\u00e1 promovendo a a\u00e7\u00e3o neste formato para dar mais seguran\u00e7a aqueles que precisam se vacinar e estaremos colaborando na organiza\u00e7\u00e3o do tr\u00e2nsito\u201d, ressalta o superintendente da SMTT, Renato Telles.<\/p>\n<p><img loading=\"lazy\" decoding=\"async\" class=\"alignnone wp-image-1229\" src=\"http:\/\/ocoerente.com.br\/se\/wp-content\/uploads\/2020\/06\/aviso.jpg\" alt=\"\" width=\"416\" height=\"416\" srcset=\"https:\/\/ocoerente.com.br\/se\/wp-content\/uploads\/2020\/06\/aviso.jpg 1000w, https:\/\/ocoerente.com.br\/se\/wp-content\/uploads\/2020\/06\/aviso-300x300.jpg 300w, https:\/\/ocoerente.com.br\/se\/wp-content\/uploads\/2020\/06\/aviso-150x150.jpg 150w, https:\/\/ocoerente.com.br\/se\/wp-content\/uploads\/2020\/06\/aviso-768x768.jpg 768w, https:\/\/ocoerente.com.br\/se\/wp-content\/uploads\/2020\/06\/aviso-75x75.jpg 75w, https:\/\/ocoerente.com.br\/se\/wp-content\/uploads\/2020\/06\/aviso-750x750.jpg 750w\" sizes=\"auto, (max-width: 416px) 100vw, 416px\" \/><\/p>\n<p>aracaju.se.gov.br<\/p>\n","protected":false},"excerpt":{"rendered":"<p>A Prefeitura de Aracaju promover\u00e1 nesta quarta e quinta-feira, dias 17 e 18, a vacina\u00e7\u00e3o contra a influenza em sistema drive thru no Aracaju Parque Shopping, localizado no bairro Industrial, e no Shopping Riomar, na Coroa do Meio, respectivamente. Devido a esta a\u00e7\u00e3o, a Superintend\u00eancia Municipal de Transportes e Tr\u00e2nsito (SMTT) promover\u00e1 altera\u00e7\u00f5es tempor\u00e1rias no [&hellip;]<\/p>\n","protected":false},"author":1,"featured_media":1229,"comment_status":"closed","ping_status":"closed","sticky":false,"template":"","format":"standard","meta":{"footnotes":""},"categories":[53,43],"tags":[],"class_list":["post-1228","post","type-post","status-publish","format-standard","has-post-thumbnail","hentry","category-destaques","category-sergipe"],"yoast_head":"<!-- This site is optimized with the Yoast SEO plugin v27.5 - https:\/\/yoast.com\/product\/yoast-seo-wordpress\/ -->\n<title>SMTT altera tr\u00e2nsito das avenidas General Calazans e Beira Mar nesta quarta e quinta-feira - O Coerente<\/title>\n<meta name=\"robots\" content=\"index, follow, max-snippet:-1, max-image-preview:large, max-video-preview:-1\" \/>\n<link rel=\"canonical\" href=\"https:\/\/ocoerente.com.br\/se\/2020\/06\/17\/smtt-altera-transito-das-avenidas-general-calazans-e-beira-mar-nesta-quarta-e-quinta-feira\/\" \/>\n<meta property=\"og:locale\" content=\"pt_BR\" \/>\n<meta property=\"og:type\" content=\"article\" \/>\n<meta property=\"og:title\" content=\"SMTT altera tr\u00e2nsito das avenidas General Calazans e Beira Mar nesta quarta e quinta-feira - O Coerente\" \/>\n<meta property=\"og:description\" content=\"A Prefeitura de Aracaju promover\u00e1 nesta quarta e quinta-feira, dias 17 e 18, a vacina\u00e7\u00e3o contra a influenza em sistema drive thru no Aracaju Parque Shopping, localizado no bairro Industrial, e no Shopping Riomar, na Coroa do Meio, respectivamente. Devido a esta a\u00e7\u00e3o, a Superintend\u00eancia Municipal de Transportes e Tr\u00e2nsito (SMTT) promover\u00e1 altera\u00e7\u00f5es tempor\u00e1rias no [&hellip;]\" \/>\n<meta property=\"og:url\" content=\"https:\/\/ocoerente.com.br\/se\/2020\/06\/17\/smtt-altera-transito-das-avenidas-general-calazans-e-beira-mar-nesta-quarta-e-quinta-feira\/\" \/>\n<meta property=\"og:site_name\" content=\"O Coerente\" \/>\n<meta property=\"article:published_time\" content=\"2020-06-17T10:21:27+00:00\" \/>\n<meta property=\"article:modified_time\" content=\"2020-06-17T10:21:41+00:00\" \/>\n<meta property=\"og:image\" content=\"https:\/\/ocoerente.com.br\/se\/wp-content\/uploads\/2020\/06\/aviso.jpg\" \/>\n\t<meta property=\"og:image:width\" content=\"1000\" \/>\n\t<meta property=\"og:image:height\" content=\"1000\" \/>\n\t<meta property=\"og:image:type\" content=\"image\/jpeg\" \/>\n<meta name=\"author\" content=\"Reda\u00e7\u00e3o\" \/>\n<meta name=\"twitter:card\" content=\"summary_large_image\" \/>\n<meta name=\"twitter:label1\" content=\"Escrito por\" \/>\n\t<meta name=\"twitter:data1\" content=\"Reda\u00e7\u00e3o\" \/>\n\t<meta name=\"twitter:label2\" content=\"Est. tempo de leitura\" \/>\n\t<meta name=\"twitter:data2\" content=\"2 minutos\" \/>\n<script type=\"application\/ld+json\" class=\"yoast-schema-graph\">{\"@context\":\"https:\\\/\\\/schema.org\",\"@graph\":[{\"@type\":\"Article\",\"@id\":\"https:\\\/\\\/ocoerente.com.br\\\/se\\\/2020\\\/06\\\/17\\\/smtt-altera-transito-das-avenidas-general-calazans-e-beira-mar-nesta-quarta-e-quinta-feira\\\/#article\",\"isPartOf\":{\"@id\":\"https:\\\/\\\/ocoerente.com.br\\\/se\\\/2020\\\/06\\\/17\\\/smtt-altera-transito-das-avenidas-general-calazans-e-beira-mar-nesta-quarta-e-quinta-feira\\\/\"},\"author\":{\"name\":\"Reda\u00e7\u00e3o\",\"@id\":\"https:\\\/\\\/ocoerente.com.br\\\/se\\\/#\\\/schema\\\/person\\\/cc6bfd9fbca465e23543b0c963d8d037\"},\"headline\":\"SMTT altera tr\u00e2nsito das avenidas General Calazans e Beira Mar nesta quarta e quinta-feira\",\"datePublished\":\"2020-06-17T10:21:27+00:00\",\"dateModified\":\"2020-06-17T10:21:41+00:00\",\"mainEntityOfPage\":{\"@id\":\"https:\\\/\\\/ocoerente.com.br\\\/se\\\/2020\\\/06\\\/17\\\/smtt-altera-transito-das-avenidas-general-calazans-e-beira-mar-nesta-quarta-e-quinta-feira\\\/\"},\"wordCount\":389,\"publisher\":{\"@id\":\"https:\\\/\\\/ocoerente.com.br\\\/se\\\/#\\\/schema\\\/person\\\/cc6bfd9fbca465e23543b0c963d8d037\"},\"image\":{\"@id\":\"https:\\\/\\\/ocoerente.com.br\\\/se\\\/2020\\\/06\\\/17\\\/smtt-altera-transito-das-avenidas-general-calazans-e-beira-mar-nesta-quarta-e-quinta-feira\\\/#primaryimage\"},\"thumbnailUrl\":\"https:\\\/\\\/ocoerente.com.br\\\/se\\\/wp-content\\\/uploads\\\/2020\\\/06\\\/aviso.jpg\",\"articleSection\":[\"Destaques\",\"Sergipe\"],\"inLanguage\":\"pt-BR\"},{\"@type\":\"WebPage\",\"@id\":\"https:\\\/\\\/ocoerente.com.br\\\/se\\\/2020\\\/06\\\/17\\\/smtt-altera-transito-das-avenidas-general-calazans-e-beira-mar-nesta-quarta-e-quinta-feira\\\/\",\"url\":\"https:\\\/\\\/ocoerente.com.br\\\/se\\\/2020\\\/06\\\/17\\\/smtt-altera-transito-das-avenidas-general-calazans-e-beira-mar-nesta-quarta-e-quinta-feira\\\/\",\"name\":\"SMTT altera tr\u00e2nsito das avenidas General Calazans e Beira Mar nesta quarta e quinta-feira - O Coerente\",\"isPartOf\":{\"@id\":\"https:\\\/\\\/ocoerente.com.br\\\/se\\\/#website\"},\"primaryImageOfPage\":{\"@id\":\"https:\\\/\\\/ocoerente.com.br\\\/se\\\/2020\\\/06\\\/17\\\/smtt-altera-transito-das-avenidas-general-calazans-e-beira-mar-nesta-quarta-e-quinta-feira\\\/#primaryimage\"},\"image\":{\"@id\":\"https:\\\/\\\/ocoerente.com.br\\\/se\\\/2020\\\/06\\\/17\\\/smtt-altera-transito-das-avenidas-general-calazans-e-beira-mar-nesta-quarta-e-quinta-feira\\\/#primaryimage\"},\"thumbnailUrl\":\"https:\\\/\\\/ocoerente.com.br\\\/se\\\/wp-content\\\/uploads\\\/2020\\\/06\\\/aviso.jpg\",\"datePublished\":\"2020-06-17T10:21:27+00:00\",\"dateModified\":\"2020-06-17T10:21:41+00:00\",\"breadcrumb\":{\"@id\":\"https:\\\/\\\/ocoerente.com.br\\\/se\\\/2020\\\/06\\\/17\\\/smtt-altera-transito-das-avenidas-general-calazans-e-beira-mar-nesta-quarta-e-quinta-feira\\\/#breadcrumb\"},\"inLanguage\":\"pt-BR\",\"potentialAction\":[{\"@type\":\"ReadAction\",\"target\":[\"https:\\\/\\\/ocoerente.com.br\\\/se\\\/2020\\\/06\\\/17\\\/smtt-altera-transito-das-avenidas-general-calazans-e-beira-mar-nesta-quarta-e-quinta-feira\\\/\"]}]},{\"@type\":\"ImageObject\",\"inLanguage\":\"pt-BR\",\"@id\":\"https:\\\/\\\/ocoerente.com.br\\\/se\\\/2020\\\/06\\\/17\\\/smtt-altera-transito-das-avenidas-general-calazans-e-beira-mar-nesta-quarta-e-quinta-feira\\\/#primaryimage\",\"url\":\"https:\\\/\\\/ocoerente.com.br\\\/se\\\/wp-content\\\/uploads\\\/2020\\\/06\\\/aviso.jpg\",\"contentUrl\":\"https:\\\/\\\/ocoerente.com.br\\\/se\\\/wp-content\\\/uploads\\\/2020\\\/06\\\/aviso.jpg\",\"width\":1000,\"height\":1000},{\"@type\":\"BreadcrumbList\",\"@id\":\"https:\\\/\\\/ocoerente.com.br\\\/se\\\/2020\\\/06\\\/17\\\/smtt-altera-transito-das-avenidas-general-calazans-e-beira-mar-nesta-quarta-e-quinta-feira\\\/#breadcrumb\",\"itemListElement\":[{\"@type\":\"ListItem\",\"position\":1,\"name\":\"In\u00edcio\",\"item\":\"https:\\\/\\\/ocoerente.com.br\\\/se\\\/\"},{\"@type\":\"ListItem\",\"position\":2,\"name\":\"SMTT altera tr\u00e2nsito das avenidas General Calazans e Beira Mar nesta quarta e quinta-feira\"}]},{\"@type\":\"WebSite\",\"@id\":\"https:\\\/\\\/ocoerente.com.br\\\/se\\\/#website\",\"url\":\"https:\\\/\\\/ocoerente.com.br\\\/se\\\/\",\"name\":\"O Coerente\",\"description\":\"\",\"publisher\":{\"@id\":\"https:\\\/\\\/ocoerente.com.br\\\/se\\\/#\\\/schema\\\/person\\\/cc6bfd9fbca465e23543b0c963d8d037\"},\"potentialAction\":[{\"@type\":\"SearchAction\",\"target\":{\"@type\":\"EntryPoint\",\"urlTemplate\":\"https:\\\/\\\/ocoerente.com.br\\\/se\\\/?s={search_term_string}\"},\"query-input\":{\"@type\":\"PropertyValueSpecification\",\"valueRequired\":true,\"valueName\":\"search_term_string\"}}],\"inLanguage\":\"pt-BR\"},{\"@type\":[\"Person\",\"Organization\"],\"@id\":\"https:\\\/\\\/ocoerente.com.br\\\/se\\\/#\\\/schema\\\/person\\\/cc6bfd9fbca465e23543b0c963d8d037\",\"name\":\"Reda\u00e7\u00e3o\",\"image\":{\"@type\":\"ImageObject\",\"inLanguage\":\"pt-BR\",\"@id\":\"https:\\\/\\\/ocoerente.com.br\\\/se\\\/wp-content\\\/uploads\\\/2020\\\/01\\\/ocoerente-1.png\",\"url\":\"https:\\\/\\\/ocoerente.com.br\\\/se\\\/wp-content\\\/uploads\\\/2020\\\/01\\\/ocoerente-1.png\",\"contentUrl\":\"https:\\\/\\\/ocoerente.com.br\\\/se\\\/wp-content\\\/uploads\\\/2020\\\/01\\\/ocoerente-1.png\",\"width\":50,\"height\":50,\"caption\":\"Reda\u00e7\u00e3o\"},\"logo\":{\"@id\":\"https:\\\/\\\/ocoerente.com.br\\\/se\\\/wp-content\\\/uploads\\\/2020\\\/01\\\/ocoerente-1.png\"},\"url\":\"https:\\\/\\\/ocoerente.com.br\\\/se\\\/author\\\/vasticlsales\\\/\"}]}<\/script>\n<!-- \/ Yoast SEO plugin. -->","yoast_head_json":{"title":"SMTT altera tr\u00e2nsito das avenidas General Calazans e Beira Mar nesta quarta e quinta-feira - O Coerente","robots":{"index":"index","follow":"follow","max-snippet":"max-snippet:-1","max-image-preview":"max-image-preview:large","max-video-preview":"max-video-preview:-1"},"canonical":"https:\/\/ocoerente.com.br\/se\/2020\/06\/17\/smtt-altera-transito-das-avenidas-general-calazans-e-beira-mar-nesta-quarta-e-quinta-feira\/","og_locale":"pt_BR","og_type":"article","og_title":"SMTT altera tr\u00e2nsito das avenidas General Calazans e Beira Mar nesta quarta e quinta-feira - O Coerente","og_description":"A Prefeitura de Aracaju promover\u00e1 nesta quarta e quinta-feira, dias 17 e 18, a vacina\u00e7\u00e3o contra a influenza em sistema drive thru no Aracaju Parque Shopping, localizado no bairro Industrial, e no Shopping Riomar, na Coroa do Meio, respectivamente. Devido a esta a\u00e7\u00e3o, a Superintend\u00eancia Municipal de Transportes e Tr\u00e2nsito (SMTT) promover\u00e1 altera\u00e7\u00f5es tempor\u00e1rias no [&hellip;]","og_url":"https:\/\/ocoerente.com.br\/se\/2020\/06\/17\/smtt-altera-transito-das-avenidas-general-calazans-e-beira-mar-nesta-quarta-e-quinta-feira\/","og_site_name":"O Coerente","article_published_time":"2020-06-17T10:21:27+00:00","article_modified_time":"2020-06-17T10:21:41+00:00","og_image":[{"width":1000,"height":1000,"url":"https:\/\/ocoerente.com.br\/se\/wp-content\/uploads\/2020\/06\/aviso.jpg","type":"image\/jpeg"}],"author":"Reda\u00e7\u00e3o","twitter_card":"summary_large_image","twitter_misc":{"Escrito por":"Reda\u00e7\u00e3o","Est. tempo de leitura":"2 minutos"},"schema":{"@context":"https:\/\/schema.org","@graph":[{"@type":"Article","@id":"https:\/\/ocoerente.com.br\/se\/2020\/06\/17\/smtt-altera-transito-das-avenidas-general-calazans-e-beira-mar-nesta-quarta-e-quinta-feira\/#article","isPartOf":{"@id":"https:\/\/ocoerente.com.br\/se\/2020\/06\/17\/smtt-altera-transito-das-avenidas-general-calazans-e-beira-mar-nesta-quarta-e-quinta-feira\/"},"author":{"name":"Reda\u00e7\u00e3o","@id":"https:\/\/ocoerente.com.br\/se\/#\/schema\/person\/cc6bfd9fbca465e23543b0c963d8d037"},"headline":"SMTT altera tr\u00e2nsito das avenidas General Calazans e Beira Mar nesta quarta e quinta-feira","datePublished":"2020-06-17T10:21:27+00:00","dateModified":"2020-06-17T10:21:41+00:00","mainEntityOfPage":{"@id":"https:\/\/ocoerente.com.br\/se\/2020\/06\/17\/smtt-altera-transito-das-avenidas-general-calazans-e-beira-mar-nesta-quarta-e-quinta-feira\/"},"wordCount":389,"publisher":{"@id":"https:\/\/ocoerente.com.br\/se\/#\/schema\/person\/cc6bfd9fbca465e23543b0c963d8d037"},"image":{"@id":"https:\/\/ocoerente.com.br\/se\/2020\/06\/17\/smtt-altera-transito-das-avenidas-general-calazans-e-beira-mar-nesta-quarta-e-quinta-feira\/#primaryimage"},"thumbnailUrl":"https:\/\/ocoerente.com.br\/se\/wp-content\/uploads\/2020\/06\/aviso.jpg","articleSection":["Destaques","Sergipe"],"inLanguage":"pt-BR"},{"@type":"WebPage","@id":"https:\/\/ocoerente.com.br\/se\/2020\/06\/17\/smtt-altera-transito-das-avenidas-general-calazans-e-beira-mar-nesta-quarta-e-quinta-feira\/","url":"https:\/\/ocoerente.com.br\/se\/2020\/06\/17\/smtt-altera-transito-das-avenidas-general-calazans-e-beira-mar-nesta-quarta-e-quinta-feira\/","name":"SMTT altera tr\u00e2nsito das avenidas General Calazans e Beira Mar nesta quarta e quinta-feira - O Coerente","isPartOf":{"@id":"https:\/\/ocoerente.com.br\/se\/#website"},"primaryImageOfPage":{"@id":"https:\/\/ocoerente.com.br\/se\/2020\/06\/17\/smtt-altera-transito-das-avenidas-general-calazans-e-beira-mar-nesta-quarta-e-quinta-feira\/#primaryimage"},"image":{"@id":"https:\/\/ocoerente.com.br\/se\/2020\/06\/17\/smtt-altera-transito-das-avenidas-general-calazans-e-beira-mar-nesta-quarta-e-quinta-feira\/#primaryimage"},"thumbnailUrl":"https:\/\/ocoerente.com.br\/se\/wp-content\/uploads\/2020\/06\/aviso.jpg","datePublished":"2020-06-17T10:21:27+00:00","dateModified":"2020-06-17T10:21:41+00:00","breadcrumb":{"@id":"https:\/\/ocoerente.com.br\/se\/2020\/06\/17\/smtt-altera-transito-das-avenidas-general-calazans-e-beira-mar-nesta-quarta-e-quinta-feira\/#breadcrumb"},"inLanguage":"pt-BR","potentialAction":[{"@type":"ReadAction","target":["https:\/\/ocoerente.com.br\/se\/2020\/06\/17\/smtt-altera-transito-das-avenidas-general-calazans-e-beira-mar-nesta-quarta-e-quinta-feira\/"]}]},{"@type":"ImageObject","inLanguage":"pt-BR","@id":"https:\/\/ocoerente.com.br\/se\/2020\/06\/17\/smtt-altera-transito-das-avenidas-general-calazans-e-beira-mar-nesta-quarta-e-quinta-feira\/#primaryimage","url":"https:\/\/ocoerente.com.br\/se\/wp-content\/uploads\/2020\/06\/aviso.jpg","contentUrl":"https:\/\/ocoerente.com.br\/se\/wp-content\/uploads\/2020\/06\/aviso.jpg","width":1000,"height":1000},{"@type":"BreadcrumbList","@id":"https:\/\/ocoerente.com.br\/se\/2020\/06\/17\/smtt-altera-transito-das-avenidas-general-calazans-e-beira-mar-nesta-quarta-e-quinta-feira\/#breadcrumb","itemListElement":[{"@type":"ListItem","position":1,"name":"In\u00edcio","item":"https:\/\/ocoerente.com.br\/se\/"},{"@type":"ListItem","position":2,"name":"SMTT altera tr\u00e2nsito das avenidas General Calazans e Beira Mar nesta quarta e quinta-feira"}]},{"@type":"WebSite","@id":"https:\/\/ocoerente.com.br\/se\/#website","url":"https:\/\/ocoerente.com.br\/se\/","name":"O Coerente","description":"","publisher":{"@id":"https:\/\/ocoerente.com.br\/se\/#\/schema\/person\/cc6bfd9fbca465e23543b0c963d8d037"},"potentialAction":[{"@type":"SearchAction","target":{"@type":"EntryPoint","urlTemplate":"https:\/\/ocoerente.com.br\/se\/?s={search_term_string}"},"query-input":{"@type":"PropertyValueSpecification","valueRequired":true,"valueName":"search_term_string"}}],"inLanguage":"pt-BR"},{"@type":["Person","Organization"],"@id":"https:\/\/ocoerente.com.br\/se\/#\/schema\/person\/cc6bfd9fbca465e23543b0c963d8d037","name":"Reda\u00e7\u00e3o","image":{"@type":"ImageObject","inLanguage":"pt-BR","@id":"https:\/\/ocoerente.com.br\/se\/wp-content\/uploads\/2020\/01\/ocoerente-1.png","url":"https:\/\/ocoerente.com.br\/se\/wp-content\/uploads\/2020\/01\/ocoerente-1.png","contentUrl":"https:\/\/ocoerente.com.br\/se\/wp-content\/uploads\/2020\/01\/ocoerente-1.png","width":50,"height":50,"caption":"Reda\u00e7\u00e3o"},"logo":{"@id":"https:\/\/ocoerente.com.br\/se\/wp-content\/uploads\/2020\/01\/ocoerente-1.png"},"url":"https:\/\/ocoerente.com.br\/se\/author\/vasticlsales\/"}]}},"_links":{"self":[{"href":"https:\/\/ocoerente.com.br\/se\/wp-json\/wp\/v2\/posts\/1228","targetHints":{"allow":["GET"]}}],"collection":[{"href":"https:\/\/ocoerente.com.br\/se\/wp-json\/wp\/v2\/posts"}],"about":[{"href":"https:\/\/ocoerente.com.br\/se\/wp-json\/wp\/v2\/types\/post"}],"author":[{"embeddable":true,"href":"https:\/\/ocoerente.com.br\/se\/wp-json\/wp\/v2\/users\/1"}],"replies":[{"embeddable":true,"href":"https:\/\/ocoerente.com.br\/se\/wp-json\/wp\/v2\/comments?post=1228"}],"version-history":[{"count":1,"href":"https:\/\/ocoerente.com.br\/se\/wp-json\/wp\/v2\/posts\/1228\/revisions"}],"predecessor-version":[{"id":1230,"href":"https:\/\/ocoerente.com.br\/se\/wp-json\/wp\/v2\/posts\/1228\/revisions\/1230"}],"wp:featuredmedia":[{"embeddable":true,"href":"https:\/\/ocoerente.com.br\/se\/wp-json\/wp\/v2\/media\/1229"}],"wp:attachment":[{"href":"https:\/\/ocoerente.com.br\/se\/wp-json\/wp\/v2\/media?parent=1228"}],"wp:term":[{"taxonomy":"category","embeddable":true,"href":"https:\/\/ocoerente.com.br\/se\/wp-json\/wp\/v2\/categories?post=1228"},{"taxonomy":"post_tag","embeddable":true,"href":"https:\/\/ocoerente.com.br\/se\/wp-json\/wp\/v2\/tags?post=1228"}],"curies":[{"name":"wp","href":"https:\/\/api.w.org\/{rel}","templated":true}]}}