{"id":12134,"date":"2025-01-07T08:47:41","date_gmt":"2025-01-07T11:47:41","guid":{"rendered":"https:\/\/ocoerente.com.br\/se\/?p=12134"},"modified":"2025-01-07T08:47:42","modified_gmt":"2025-01-07T11:47:42","slug":"segunda-edicao-da-vila-do-natal-iluminado-encerra-neste-fim-de-semana","status":"publish","type":"post","link":"https:\/\/ocoerente.com.br\/se\/2025\/01\/07\/segunda-edicao-da-vila-do-natal-iluminado-encerra-neste-fim-de-semana\/","title":{"rendered":"Segunda edi\u00e7\u00e3o da Vila do Natal Iluminado encerra neste fim de semana"},"content":{"rendered":"\n<p><em>At\u00e9 o domingo a programa\u00e7\u00e3o continua, na pra\u00e7a de eventos da Orla da Atalaia, com shows musicais, teatrais, entre outras atra\u00e7\u00f5es<\/em><\/p>\n\n\n\n<p>O Governo do Estado encerra neste fim de semana a segunda edi\u00e7\u00e3o da Vila do Natal Iluminado, na pra\u00e7a de eventos da Orla da Atalaia, em Aracaju. Este ano, o evento, iniciado no dia 13 de dezembro, teve algumas novidades na programa\u00e7\u00e3o, como as sess\u00f5es teatrais, a duplica\u00e7\u00e3o do espa\u00e7o da pista de patina\u00e7\u00e3o no gelo, a montanha-russa, entre outras atra\u00e7\u00f5es in\u00e9ditas, al\u00e9m de repetir os sucessos de 2023, como a roda-gigante.&nbsp;<\/p>\n\n\n\n<p>Nesta sexta-feira, 3, a programa\u00e7\u00e3o musical come\u00e7a \u00e0s 17h, com a apresenta\u00e7\u00e3o da cantora Lara Araujo, com Edson Souza (18h30) e Cleber Silva (20h30). J\u00e1 a primeira sess\u00e3o de teatro ser\u00e1 \u00e0s 18h30, com o espet\u00e1culo &#8216;Um Natal de Her\u00f3is&#8217;, com a Defesa Civil, seguido pelo&nbsp;&#8216;Natal M\u00e1gico da Trupe&#8217;,&nbsp;19h30, da&nbsp;Trupe Kadabra,&nbsp;e &#8216;Magiclown, o palha\u00e7o m\u00e1gico&#8217;, da Cia Saurus, \u00e0s 20h30.<\/p>\n\n\n\n<p>No s\u00e1bado, 4, o cantor Ednardo abre a programa\u00e7\u00e3o do dia, \u00e0s 17h. \u00c0s 18h30 tem Patuzinho e, \u00e0s 20h30, Samela Santos. A programa\u00e7\u00e3o tamb\u00e9m tem o grupo de teatro Mamulengo Baile Estrela, que apresenta, \u00e0s 18h30, a pe\u00e7a &#8216;A menina que sonhava em dan\u00e7ar com Jesus&#8217; e, em seguida, \u00e0s 20h30, &#8216;Can\u00e7\u00f5es e Momentos em Cena&#8217;, da Cia de dan\u00e7a Loucurarte.<\/p>\n\n\n\n<p>No domingo, 5, \u00faltimo dia de Vila do Natal Iluminado, o cantor Igor Mangueira (\u00e0s 17h) e o espet\u00e1culo &#8216;Vai dar cacho na cabe\u00e7a do beb\u00ea mainha&#8217;, do grupo de teatro A Tua Lona, \u00e0s 18h30, ser\u00e3o as primeiras atra\u00e7\u00f5es da noite. A programa\u00e7\u00e3o ter\u00e1 ainda apresenta\u00e7\u00f5es de Daniel Aben\u00e7oado (18h30) e Kids e Cia (20h30). Encerrando a noite e essa edi\u00e7\u00e3o do Vila do Natal Iluminado, o espet\u00e1culo&nbsp; &#8216;A menina que sonhava em dan\u00e7ar com Jesus&#8217;, do Grupo de Teatro Mamulengo Baile Estrela.<\/p>\n\n\n\n<p>A Vila do Natal Iluminado teve in\u00edcio em 2024 no \u00faltimo dia 13 de dezembro e, pelo segundo ano consecutivo, trouxe espa\u00e7os l\u00fadicos, incentivou o com\u00e9rcio local, atraiu turistas e disponibilizou todas as atra\u00e7\u00f5es de forma gratuita para a popula\u00e7\u00e3o.&nbsp;<\/p>\n\n\n\n<p><strong>Vila do Natal Iluminado<\/strong><\/p>\n\n\n\n<p>A Vila do Natal Iluminado \u00e9 uma realiza\u00e7\u00e3o do Governo de Sergipe, por meio da Funda\u00e7\u00e3o de Cultura e Arte Aperip\u00ea (Funcap), e Federa\u00e7\u00e3o do Com\u00e9rcio de Bens, Servi\u00e7os e Turismo do Estado de Sergipe (Fecom\u00e9rcio\/SE), com apoio do Banese, Energisa, Netiz e Deso.<\/p>\n\n\n\n<p><strong>Confira a programa\u00e7\u00e3o a seguir<\/strong>:<\/p>\n\n\n\n<p><strong>Programa\u00e7\u00e3o Teatro Vila do Natal Iluminado<\/strong><\/p>\n\n\n\n<p>3\/01 (sexta-feira)<br>18h30 &#8211; &#8216;Um Natal de Her\u00f3is&#8217; (Defesa Civil)&nbsp;<br>19h30 &#8211; \u201cNatal M\u00e1gico da Trupe\u201d (Trupe Kadabra)<br>20h30 &#8211; &#8216;Magiclown, o palha\u00e7o m\u00e1gico&#8217; (Cia Saurus)<\/p>\n\n\n\n<p>4\/01 (s\u00e1bado)<br>18h30 &#8211; &#8216;A menina que sonhava em dan\u00e7ar com Jesus&#8217; (Grupo de Teatro Mamulengo Baile Estrela)<br>20h30 &#8211; &#8216;Can\u00e7\u00f5es e Momentos em Cena&#8217; (Cia de dan\u00e7a Loucurarte)<\/p>\n\n\n\n<p>5\/01 (domingo)<br>18h30 &#8211; &#8216;Vai dar cacho na cabe\u00e7a do beb\u00ea mainha&#8217; (Grupo de Teatro A Tua Lona)<br>20h30 &#8211; &#8216;A menina que sonhava em dan\u00e7ar com Jesus&#8217; (Grupo de Teatro Mamulengo Baile Estrela)<\/p>\n\n\n\n<p><br><strong>Programa\u00e7\u00e3o Musical Vila do Natal Iluminado<\/strong><\/p>\n\n\n\n<p>3\/01 (sexta-feira)<br>17h &#8211; Lara Araujo<br>18h30 &#8211; Edson Souza&nbsp;<br>20h30 &#8211; Cleber Silva<\/p>\n\n\n\n<p>4\/01 (s\u00e1bado)<br>17h &#8211; Ednardo<br>18h30 &#8211; Patuzinho<br>20h30 &#8211; Samela Santos<\/p>\n\n\n\n<p>5\/01 (domingo)<br>17h &#8211; Igor Mangueira<br>18h30 &#8211; Daniel Aben\u00e7oado&nbsp;<br>20h30 &#8211; Kids e Cia<\/p>\n\n\n\n<p><em>*Programa\u00e7\u00e3o sujeita a altera\u00e7\u00e3o sem aviso pr\u00e9vio<\/em><\/p>\n\n\n\n<p>Governo de Sergipe<\/p>\n","protected":false},"excerpt":{"rendered":"<p>At\u00e9 o domingo a programa\u00e7\u00e3o continua, na pra\u00e7a de eventos da Orla da Atalaia, com shows musicais, teatrais, entre outras atra\u00e7\u00f5es O Governo do Estado encerra neste fim de semana a segunda edi\u00e7\u00e3o da Vila do Natal Iluminado, na pra\u00e7a de eventos da Orla da Atalaia, em Aracaju. Este ano, o evento, iniciado no dia [&hellip;]<\/p>\n","protected":false},"author":1,"featured_media":12135,"comment_status":"closed","ping_status":"closed","sticky":false,"template":"","format":"standard","meta":{"footnotes":""},"categories":[53,52],"tags":[],"class_list":["post-12134","post","type-post","status-publish","format-standard","has-post-thumbnail","hentry","category-destaques","category-entretenimento"],"yoast_head":"<!-- This site is optimized with the Yoast SEO plugin v27.4 - https:\/\/yoast.com\/product\/yoast-seo-wordpress\/ -->\n<title>Segunda edi\u00e7\u00e3o da Vila do Natal Iluminado encerra neste fim de semana - O Coerente<\/title>\n<meta name=\"robots\" content=\"index, follow, max-snippet:-1, max-image-preview:large, max-video-preview:-1\" \/>\n<link rel=\"canonical\" href=\"https:\/\/ocoerente.com.br\/se\/2025\/01\/07\/segunda-edicao-da-vila-do-natal-iluminado-encerra-neste-fim-de-semana\/\" \/>\n<meta property=\"og:locale\" content=\"pt_BR\" \/>\n<meta property=\"og:type\" content=\"article\" \/>\n<meta property=\"og:title\" content=\"Segunda edi\u00e7\u00e3o da Vila do Natal Iluminado encerra neste fim de semana - O Coerente\" \/>\n<meta property=\"og:description\" content=\"At\u00e9 o domingo a programa\u00e7\u00e3o continua, na pra\u00e7a de eventos da Orla da Atalaia, com shows musicais, teatrais, entre outras atra\u00e7\u00f5es O Governo do Estado encerra neste fim de semana a segunda edi\u00e7\u00e3o da Vila do Natal Iluminado, na pra\u00e7a de eventos da Orla da Atalaia, em Aracaju. Este ano, o evento, iniciado no dia [&hellip;]\" \/>\n<meta property=\"og:url\" content=\"https:\/\/ocoerente.com.br\/se\/2025\/01\/07\/segunda-edicao-da-vila-do-natal-iluminado-encerra-neste-fim-de-semana\/\" \/>\n<meta property=\"og:site_name\" content=\"O Coerente\" \/>\n<meta property=\"article:published_time\" content=\"2025-01-07T11:47:41+00:00\" \/>\n<meta property=\"article:modified_time\" content=\"2025-01-07T11:47:42+00:00\" \/>\n<meta property=\"og:image\" content=\"https:\/\/ocoerente.com.br\/se\/wp-content\/uploads\/2025\/01\/bcb022d.jpg\" \/>\n\t<meta property=\"og:image:width\" content=\"1100\" \/>\n\t<meta property=\"og:image:height\" content=\"610\" \/>\n\t<meta property=\"og:image:type\" content=\"image\/jpeg\" \/>\n<meta name=\"author\" content=\"Reda\u00e7\u00e3o\" \/>\n<meta name=\"twitter:card\" content=\"summary_large_image\" \/>\n<meta name=\"twitter:label1\" content=\"Escrito por\" \/>\n\t<meta name=\"twitter:data1\" content=\"Reda\u00e7\u00e3o\" \/>\n\t<meta name=\"twitter:label2\" content=\"Est. tempo de leitura\" \/>\n\t<meta name=\"twitter:data2\" content=\"4 minutos\" \/>\n<script type=\"application\/ld+json\" class=\"yoast-schema-graph\">{\"@context\":\"https:\\\/\\\/schema.org\",\"@graph\":[{\"@type\":\"Article\",\"@id\":\"https:\\\/\\\/ocoerente.com.br\\\/se\\\/2025\\\/01\\\/07\\\/segunda-edicao-da-vila-do-natal-iluminado-encerra-neste-fim-de-semana\\\/#article\",\"isPartOf\":{\"@id\":\"https:\\\/\\\/ocoerente.com.br\\\/se\\\/2025\\\/01\\\/07\\\/segunda-edicao-da-vila-do-natal-iluminado-encerra-neste-fim-de-semana\\\/\"},\"author\":{\"name\":\"Reda\u00e7\u00e3o\",\"@id\":\"https:\\\/\\\/ocoerente.com.br\\\/se\\\/#\\\/schema\\\/person\\\/cc6bfd9fbca465e23543b0c963d8d037\"},\"headline\":\"Segunda edi\u00e7\u00e3o da Vila do Natal Iluminado encerra neste fim de semana\",\"datePublished\":\"2025-01-07T11:47:41+00:00\",\"dateModified\":\"2025-01-07T11:47:42+00:00\",\"mainEntityOfPage\":{\"@id\":\"https:\\\/\\\/ocoerente.com.br\\\/se\\\/2025\\\/01\\\/07\\\/segunda-edicao-da-vila-do-natal-iluminado-encerra-neste-fim-de-semana\\\/\"},\"wordCount\":628,\"publisher\":{\"@id\":\"https:\\\/\\\/ocoerente.com.br\\\/se\\\/#\\\/schema\\\/person\\\/cc6bfd9fbca465e23543b0c963d8d037\"},\"image\":{\"@id\":\"https:\\\/\\\/ocoerente.com.br\\\/se\\\/2025\\\/01\\\/07\\\/segunda-edicao-da-vila-do-natal-iluminado-encerra-neste-fim-de-semana\\\/#primaryimage\"},\"thumbnailUrl\":\"https:\\\/\\\/ocoerente.com.br\\\/se\\\/wp-content\\\/uploads\\\/2025\\\/01\\\/bcb022d.jpg\",\"articleSection\":[\"Destaques\",\"Entretenimento\"],\"inLanguage\":\"pt-BR\"},{\"@type\":\"WebPage\",\"@id\":\"https:\\\/\\\/ocoerente.com.br\\\/se\\\/2025\\\/01\\\/07\\\/segunda-edicao-da-vila-do-natal-iluminado-encerra-neste-fim-de-semana\\\/\",\"url\":\"https:\\\/\\\/ocoerente.com.br\\\/se\\\/2025\\\/01\\\/07\\\/segunda-edicao-da-vila-do-natal-iluminado-encerra-neste-fim-de-semana\\\/\",\"name\":\"Segunda edi\u00e7\u00e3o da Vila do Natal Iluminado encerra neste fim de semana - O Coerente\",\"isPartOf\":{\"@id\":\"https:\\\/\\\/ocoerente.com.br\\\/se\\\/#website\"},\"primaryImageOfPage\":{\"@id\":\"https:\\\/\\\/ocoerente.com.br\\\/se\\\/2025\\\/01\\\/07\\\/segunda-edicao-da-vila-do-natal-iluminado-encerra-neste-fim-de-semana\\\/#primaryimage\"},\"image\":{\"@id\":\"https:\\\/\\\/ocoerente.com.br\\\/se\\\/2025\\\/01\\\/07\\\/segunda-edicao-da-vila-do-natal-iluminado-encerra-neste-fim-de-semana\\\/#primaryimage\"},\"thumbnailUrl\":\"https:\\\/\\\/ocoerente.com.br\\\/se\\\/wp-content\\\/uploads\\\/2025\\\/01\\\/bcb022d.jpg\",\"datePublished\":\"2025-01-07T11:47:41+00:00\",\"dateModified\":\"2025-01-07T11:47:42+00:00\",\"breadcrumb\":{\"@id\":\"https:\\\/\\\/ocoerente.com.br\\\/se\\\/2025\\\/01\\\/07\\\/segunda-edicao-da-vila-do-natal-iluminado-encerra-neste-fim-de-semana\\\/#breadcrumb\"},\"inLanguage\":\"pt-BR\",\"potentialAction\":[{\"@type\":\"ReadAction\",\"target\":[\"https:\\\/\\\/ocoerente.com.br\\\/se\\\/2025\\\/01\\\/07\\\/segunda-edicao-da-vila-do-natal-iluminado-encerra-neste-fim-de-semana\\\/\"]}]},{\"@type\":\"ImageObject\",\"inLanguage\":\"pt-BR\",\"@id\":\"https:\\\/\\\/ocoerente.com.br\\\/se\\\/2025\\\/01\\\/07\\\/segunda-edicao-da-vila-do-natal-iluminado-encerra-neste-fim-de-semana\\\/#primaryimage\",\"url\":\"https:\\\/\\\/ocoerente.com.br\\\/se\\\/wp-content\\\/uploads\\\/2025\\\/01\\\/bcb022d.jpg\",\"contentUrl\":\"https:\\\/\\\/ocoerente.com.br\\\/se\\\/wp-content\\\/uploads\\\/2025\\\/01\\\/bcb022d.jpg\",\"width\":1100,\"height\":610,\"caption\":\"Vila do Natal Iluminado encerra neste domingo, 5 | Foto: Erick O'Hara\"},{\"@type\":\"BreadcrumbList\",\"@id\":\"https:\\\/\\\/ocoerente.com.br\\\/se\\\/2025\\\/01\\\/07\\\/segunda-edicao-da-vila-do-natal-iluminado-encerra-neste-fim-de-semana\\\/#breadcrumb\",\"itemListElement\":[{\"@type\":\"ListItem\",\"position\":1,\"name\":\"In\u00edcio\",\"item\":\"https:\\\/\\\/ocoerente.com.br\\\/se\\\/\"},{\"@type\":\"ListItem\",\"position\":2,\"name\":\"Segunda edi\u00e7\u00e3o da Vila do Natal Iluminado encerra neste fim de semana\"}]},{\"@type\":\"WebSite\",\"@id\":\"https:\\\/\\\/ocoerente.com.br\\\/se\\\/#website\",\"url\":\"https:\\\/\\\/ocoerente.com.br\\\/se\\\/\",\"name\":\"O Coerente\",\"description\":\"\",\"publisher\":{\"@id\":\"https:\\\/\\\/ocoerente.com.br\\\/se\\\/#\\\/schema\\\/person\\\/cc6bfd9fbca465e23543b0c963d8d037\"},\"potentialAction\":[{\"@type\":\"SearchAction\",\"target\":{\"@type\":\"EntryPoint\",\"urlTemplate\":\"https:\\\/\\\/ocoerente.com.br\\\/se\\\/?s={search_term_string}\"},\"query-input\":{\"@type\":\"PropertyValueSpecification\",\"valueRequired\":true,\"valueName\":\"search_term_string\"}}],\"inLanguage\":\"pt-BR\"},{\"@type\":[\"Person\",\"Organization\"],\"@id\":\"https:\\\/\\\/ocoerente.com.br\\\/se\\\/#\\\/schema\\\/person\\\/cc6bfd9fbca465e23543b0c963d8d037\",\"name\":\"Reda\u00e7\u00e3o\",\"image\":{\"@type\":\"ImageObject\",\"inLanguage\":\"pt-BR\",\"@id\":\"https:\\\/\\\/ocoerente.com.br\\\/se\\\/wp-content\\\/uploads\\\/2020\\\/01\\\/ocoerente-1.png\",\"url\":\"https:\\\/\\\/ocoerente.com.br\\\/se\\\/wp-content\\\/uploads\\\/2020\\\/01\\\/ocoerente-1.png\",\"contentUrl\":\"https:\\\/\\\/ocoerente.com.br\\\/se\\\/wp-content\\\/uploads\\\/2020\\\/01\\\/ocoerente-1.png\",\"width\":50,\"height\":50,\"caption\":\"Reda\u00e7\u00e3o\"},\"logo\":{\"@id\":\"https:\\\/\\\/ocoerente.com.br\\\/se\\\/wp-content\\\/uploads\\\/2020\\\/01\\\/ocoerente-1.png\"},\"url\":\"https:\\\/\\\/ocoerente.com.br\\\/se\\\/author\\\/vasticlsales\\\/\"}]}<\/script>\n<!-- \/ Yoast SEO plugin. -->","yoast_head_json":{"title":"Segunda edi\u00e7\u00e3o da Vila do Natal Iluminado encerra neste fim de semana - O Coerente","robots":{"index":"index","follow":"follow","max-snippet":"max-snippet:-1","max-image-preview":"max-image-preview:large","max-video-preview":"max-video-preview:-1"},"canonical":"https:\/\/ocoerente.com.br\/se\/2025\/01\/07\/segunda-edicao-da-vila-do-natal-iluminado-encerra-neste-fim-de-semana\/","og_locale":"pt_BR","og_type":"article","og_title":"Segunda edi\u00e7\u00e3o da Vila do Natal Iluminado encerra neste fim de semana - O Coerente","og_description":"At\u00e9 o domingo a programa\u00e7\u00e3o continua, na pra\u00e7a de eventos da Orla da Atalaia, com shows musicais, teatrais, entre outras atra\u00e7\u00f5es O Governo do Estado encerra neste fim de semana a segunda edi\u00e7\u00e3o da Vila do Natal Iluminado, na pra\u00e7a de eventos da Orla da Atalaia, em Aracaju. Este ano, o evento, iniciado no dia [&hellip;]","og_url":"https:\/\/ocoerente.com.br\/se\/2025\/01\/07\/segunda-edicao-da-vila-do-natal-iluminado-encerra-neste-fim-de-semana\/","og_site_name":"O Coerente","article_published_time":"2025-01-07T11:47:41+00:00","article_modified_time":"2025-01-07T11:47:42+00:00","og_image":[{"width":1100,"height":610,"url":"https:\/\/ocoerente.com.br\/se\/wp-content\/uploads\/2025\/01\/bcb022d.jpg","type":"image\/jpeg"}],"author":"Reda\u00e7\u00e3o","twitter_card":"summary_large_image","twitter_misc":{"Escrito por":"Reda\u00e7\u00e3o","Est. tempo de leitura":"4 minutos"},"schema":{"@context":"https:\/\/schema.org","@graph":[{"@type":"Article","@id":"https:\/\/ocoerente.com.br\/se\/2025\/01\/07\/segunda-edicao-da-vila-do-natal-iluminado-encerra-neste-fim-de-semana\/#article","isPartOf":{"@id":"https:\/\/ocoerente.com.br\/se\/2025\/01\/07\/segunda-edicao-da-vila-do-natal-iluminado-encerra-neste-fim-de-semana\/"},"author":{"name":"Reda\u00e7\u00e3o","@id":"https:\/\/ocoerente.com.br\/se\/#\/schema\/person\/cc6bfd9fbca465e23543b0c963d8d037"},"headline":"Segunda edi\u00e7\u00e3o da Vila do Natal Iluminado encerra neste fim de semana","datePublished":"2025-01-07T11:47:41+00:00","dateModified":"2025-01-07T11:47:42+00:00","mainEntityOfPage":{"@id":"https:\/\/ocoerente.com.br\/se\/2025\/01\/07\/segunda-edicao-da-vila-do-natal-iluminado-encerra-neste-fim-de-semana\/"},"wordCount":628,"publisher":{"@id":"https:\/\/ocoerente.com.br\/se\/#\/schema\/person\/cc6bfd9fbca465e23543b0c963d8d037"},"image":{"@id":"https:\/\/ocoerente.com.br\/se\/2025\/01\/07\/segunda-edicao-da-vila-do-natal-iluminado-encerra-neste-fim-de-semana\/#primaryimage"},"thumbnailUrl":"https:\/\/ocoerente.com.br\/se\/wp-content\/uploads\/2025\/01\/bcb022d.jpg","articleSection":["Destaques","Entretenimento"],"inLanguage":"pt-BR"},{"@type":"WebPage","@id":"https:\/\/ocoerente.com.br\/se\/2025\/01\/07\/segunda-edicao-da-vila-do-natal-iluminado-encerra-neste-fim-de-semana\/","url":"https:\/\/ocoerente.com.br\/se\/2025\/01\/07\/segunda-edicao-da-vila-do-natal-iluminado-encerra-neste-fim-de-semana\/","name":"Segunda edi\u00e7\u00e3o da Vila do Natal Iluminado encerra neste fim de semana - O Coerente","isPartOf":{"@id":"https:\/\/ocoerente.com.br\/se\/#website"},"primaryImageOfPage":{"@id":"https:\/\/ocoerente.com.br\/se\/2025\/01\/07\/segunda-edicao-da-vila-do-natal-iluminado-encerra-neste-fim-de-semana\/#primaryimage"},"image":{"@id":"https:\/\/ocoerente.com.br\/se\/2025\/01\/07\/segunda-edicao-da-vila-do-natal-iluminado-encerra-neste-fim-de-semana\/#primaryimage"},"thumbnailUrl":"https:\/\/ocoerente.com.br\/se\/wp-content\/uploads\/2025\/01\/bcb022d.jpg","datePublished":"2025-01-07T11:47:41+00:00","dateModified":"2025-01-07T11:47:42+00:00","breadcrumb":{"@id":"https:\/\/ocoerente.com.br\/se\/2025\/01\/07\/segunda-edicao-da-vila-do-natal-iluminado-encerra-neste-fim-de-semana\/#breadcrumb"},"inLanguage":"pt-BR","potentialAction":[{"@type":"ReadAction","target":["https:\/\/ocoerente.com.br\/se\/2025\/01\/07\/segunda-edicao-da-vila-do-natal-iluminado-encerra-neste-fim-de-semana\/"]}]},{"@type":"ImageObject","inLanguage":"pt-BR","@id":"https:\/\/ocoerente.com.br\/se\/2025\/01\/07\/segunda-edicao-da-vila-do-natal-iluminado-encerra-neste-fim-de-semana\/#primaryimage","url":"https:\/\/ocoerente.com.br\/se\/wp-content\/uploads\/2025\/01\/bcb022d.jpg","contentUrl":"https:\/\/ocoerente.com.br\/se\/wp-content\/uploads\/2025\/01\/bcb022d.jpg","width":1100,"height":610,"caption":"Vila do Natal Iluminado encerra neste domingo, 5 | Foto: Erick O'Hara"},{"@type":"BreadcrumbList","@id":"https:\/\/ocoerente.com.br\/se\/2025\/01\/07\/segunda-edicao-da-vila-do-natal-iluminado-encerra-neste-fim-de-semana\/#breadcrumb","itemListElement":[{"@type":"ListItem","position":1,"name":"In\u00edcio","item":"https:\/\/ocoerente.com.br\/se\/"},{"@type":"ListItem","position":2,"name":"Segunda edi\u00e7\u00e3o da Vila do Natal Iluminado encerra neste fim de semana"}]},{"@type":"WebSite","@id":"https:\/\/ocoerente.com.br\/se\/#website","url":"https:\/\/ocoerente.com.br\/se\/","name":"O Coerente","description":"","publisher":{"@id":"https:\/\/ocoerente.com.br\/se\/#\/schema\/person\/cc6bfd9fbca465e23543b0c963d8d037"},"potentialAction":[{"@type":"SearchAction","target":{"@type":"EntryPoint","urlTemplate":"https:\/\/ocoerente.com.br\/se\/?s={search_term_string}"},"query-input":{"@type":"PropertyValueSpecification","valueRequired":true,"valueName":"search_term_string"}}],"inLanguage":"pt-BR"},{"@type":["Person","Organization"],"@id":"https:\/\/ocoerente.com.br\/se\/#\/schema\/person\/cc6bfd9fbca465e23543b0c963d8d037","name":"Reda\u00e7\u00e3o","image":{"@type":"ImageObject","inLanguage":"pt-BR","@id":"https:\/\/ocoerente.com.br\/se\/wp-content\/uploads\/2020\/01\/ocoerente-1.png","url":"https:\/\/ocoerente.com.br\/se\/wp-content\/uploads\/2020\/01\/ocoerente-1.png","contentUrl":"https:\/\/ocoerente.com.br\/se\/wp-content\/uploads\/2020\/01\/ocoerente-1.png","width":50,"height":50,"caption":"Reda\u00e7\u00e3o"},"logo":{"@id":"https:\/\/ocoerente.com.br\/se\/wp-content\/uploads\/2020\/01\/ocoerente-1.png"},"url":"https:\/\/ocoerente.com.br\/se\/author\/vasticlsales\/"}]}},"_links":{"self":[{"href":"https:\/\/ocoerente.com.br\/se\/wp-json\/wp\/v2\/posts\/12134","targetHints":{"allow":["GET"]}}],"collection":[{"href":"https:\/\/ocoerente.com.br\/se\/wp-json\/wp\/v2\/posts"}],"about":[{"href":"https:\/\/ocoerente.com.br\/se\/wp-json\/wp\/v2\/types\/post"}],"author":[{"embeddable":true,"href":"https:\/\/ocoerente.com.br\/se\/wp-json\/wp\/v2\/users\/1"}],"replies":[{"embeddable":true,"href":"https:\/\/ocoerente.com.br\/se\/wp-json\/wp\/v2\/comments?post=12134"}],"version-history":[{"count":1,"href":"https:\/\/ocoerente.com.br\/se\/wp-json\/wp\/v2\/posts\/12134\/revisions"}],"predecessor-version":[{"id":12136,"href":"https:\/\/ocoerente.com.br\/se\/wp-json\/wp\/v2\/posts\/12134\/revisions\/12136"}],"wp:featuredmedia":[{"embeddable":true,"href":"https:\/\/ocoerente.com.br\/se\/wp-json\/wp\/v2\/media\/12135"}],"wp:attachment":[{"href":"https:\/\/ocoerente.com.br\/se\/wp-json\/wp\/v2\/media?parent=12134"}],"wp:term":[{"taxonomy":"category","embeddable":true,"href":"https:\/\/ocoerente.com.br\/se\/wp-json\/wp\/v2\/categories?post=12134"},{"taxonomy":"post_tag","embeddable":true,"href":"https:\/\/ocoerente.com.br\/se\/wp-json\/wp\/v2\/tags?post=12134"}],"curies":[{"name":"wp","href":"https:\/\/api.w.org\/{rel}","templated":true}]}}