{"id":12030,"date":"2024-12-23T04:11:56","date_gmt":"2024-12-23T07:11:56","guid":{"rendered":"https:\/\/ocoerente.com.br\/se\/?p=12030"},"modified":"2024-12-23T04:11:57","modified_gmt":"2024-12-23T07:11:57","slug":"projeto-de-lei-de-dr-samuel-que-limita-o-uso-de-celulares-nas-escolas-e-aprovado-na-alese","status":"publish","type":"post","link":"https:\/\/ocoerente.com.br\/se\/2024\/12\/23\/projeto-de-lei-de-dr-samuel-que-limita-o-uso-de-celulares-nas-escolas-e-aprovado-na-alese\/","title":{"rendered":"Projeto de Lei de Dr. Samuel que limita o uso de celulares nas escolas \u00e9 aprovado na Alese"},"content":{"rendered":"\n<p>O Projeto de Lei pro\u00edbe o uso de celulares durante as aulas e em momentos de explana\u00e7\u00e3o dos professores ou realiza\u00e7\u00e3o de trabalhos individuais ou em grupo<\/p>\n\n\n\n<p>Foi aprovado nesta quinta-feira (19) o Projeto de Lei n\u00ba 268\/2024, de autoria do deputado estadual Dr. Samuel Carvalho (Cidadania), que regulamenta o uso de celulares e dispositivos tecnol\u00f3gicos nas unidades escolares, estabelecendo diretrizes para o uso consciente e respons\u00e1vel dessas tecnologias. O projeto, que foi aprovado por unanimidade, demonstra uma preocupa\u00e7\u00e3o do deputado com a educa\u00e7\u00e3o das crian\u00e7as e jovens sergipanos, buscando equilibrar o acesso \u00e0s tecnologias com um ambiente de aprendizado mais focado e produtivo.<\/p>\n\n\n\n<p>\u201cO uso do celular nas escolas \u00e9 um tema que gera muito debate entre alunos, pais, professores e gestores. Afinal, o aparelho pode ser um aliado ou um inimigo do processo de ensino e aprendizagem. Propusemos o Projeto de Lei pensando na melhoria da qualidade da educa\u00e7\u00e3o, nosso objetivo \u00e9 estabelecer diretrizes claras para o uso respons\u00e1vel dos celulares, permitindo que eles sejam utilizados como ferramentas pedag\u00f3gicas, quando apropriado, mas tamb\u00e9m garantindo que n\u00e3o prejudiquem o foco e a disciplina dentro das salas de aula\u201d, relatou Samuel.&nbsp;<\/p>\n\n\n\n<p>O Projeto de Lei pro\u00edbe o uso de celulares e outros dispositivos tecnol\u00f3gicos pelos alunos nas unidades escolares da rede p\u00fablica e privada de Sergipe, durante as aulas e em momentos de explana\u00e7\u00e3o dos professores ou realiza\u00e7\u00e3o de trabalhos individuais ou em grupo.<\/p>\n\n\n\n<p>Entretanto, o uso dos celulares \u00e9 permitido antes do in\u00edcio da primeira aula do dia, fora da sala de aula, ap\u00f3s o t\u00e9rmino da \u00faltima aula e durante os intervalos. O uso tamb\u00e9m \u00e9 liberado para os alunos com defici\u00eancia ou com condi\u00e7\u00f5es de sa\u00fade que necessitam destes dispositivos para monitoramento ou aux\u00edlio de sua necessidade.<\/p>\n\n\n\n<p>Os celulares e demais dispositivos eletr\u00f4nicos dever\u00e3o ser guardados na mochila ou bolsa do pr\u00f3prio aluno, desligado ou ligado em modo silencioso e sem vibra\u00e7\u00e3o, ou outra estrat\u00e9gia de prefer\u00eancia da equipe gestora da unidade escolar. Segundo o projeto, compete aos pais, professores e respons\u00e1veis orientar os alunos sobre o uso adequado e sem tempo excessivo de aparelhos tecnol\u00f3gicos, e quando permitido, utilizar os dispositivos eletr\u00f4nicos de forma produtiva em sala de aula.<\/p>\n\n\n\n<p><em>Foto: Jadilson Sim\u00f5es<\/em><\/p>\n\n\n\n<p><a href=\"https:\/\/ocaju.com.br\/projeto-de-lei-de-dr-samuel-que-limita-o-uso-de-celulares-nas-escolas-e-aprovado-na-alese\/\">OCAJU<\/a><\/p>\n\n\n\n<p><\/p>\n","protected":false},"excerpt":{"rendered":"<p>O Projeto de Lei pro\u00edbe o uso de celulares durante as aulas e em momentos de explana\u00e7\u00e3o dos professores ou realiza\u00e7\u00e3o de trabalhos individuais ou em grupo Foi aprovado nesta quinta-feira (19) o Projeto de Lei n\u00ba 268\/2024, de autoria do deputado estadual Dr. Samuel Carvalho (Cidadania), que regulamenta o uso de celulares e dispositivos [&hellip;]<\/p>\n","protected":false},"author":1,"featured_media":12031,"comment_status":"closed","ping_status":"closed","sticky":false,"template":"","format":"standard","meta":{"footnotes":""},"categories":[53,44],"tags":[],"class_list":["post-12030","post","type-post","status-publish","format-standard","has-post-thumbnail","hentry","category-destaques","category-politica"],"yoast_head":"<!-- This site is optimized with the Yoast SEO plugin v27.4 - https:\/\/yoast.com\/product\/yoast-seo-wordpress\/ -->\n<title>Projeto de Lei de Dr. Samuel que limita o uso de celulares nas escolas \u00e9 aprovado na Alese - O Coerente<\/title>\n<meta name=\"robots\" content=\"index, follow, max-snippet:-1, max-image-preview:large, max-video-preview:-1\" \/>\n<link rel=\"canonical\" href=\"https:\/\/ocoerente.com.br\/se\/2024\/12\/23\/projeto-de-lei-de-dr-samuel-que-limita-o-uso-de-celulares-nas-escolas-e-aprovado-na-alese\/\" \/>\n<meta property=\"og:locale\" content=\"pt_BR\" \/>\n<meta property=\"og:type\" content=\"article\" \/>\n<meta property=\"og:title\" content=\"Projeto de Lei de Dr. Samuel que limita o uso de celulares nas escolas \u00e9 aprovado na Alese - O Coerente\" \/>\n<meta property=\"og:description\" content=\"O Projeto de Lei pro\u00edbe o uso de celulares durante as aulas e em momentos de explana\u00e7\u00e3o dos professores ou realiza\u00e7\u00e3o de trabalhos individuais ou em grupo Foi aprovado nesta quinta-feira (19) o Projeto de Lei n\u00ba 268\/2024, de autoria do deputado estadual Dr. Samuel Carvalho (Cidadania), que regulamenta o uso de celulares e dispositivos [&hellip;]\" \/>\n<meta property=\"og:url\" content=\"https:\/\/ocoerente.com.br\/se\/2024\/12\/23\/projeto-de-lei-de-dr-samuel-que-limita-o-uso-de-celulares-nas-escolas-e-aprovado-na-alese\/\" \/>\n<meta property=\"og:site_name\" content=\"O Coerente\" \/>\n<meta property=\"article:published_time\" content=\"2024-12-23T07:11:56+00:00\" \/>\n<meta property=\"article:modified_time\" content=\"2024-12-23T07:11:57+00:00\" \/>\n<meta property=\"og:image\" content=\"https:\/\/ocoerente.com.br\/se\/wp-content\/uploads\/2024\/12\/DR_SAMUEL_JADILSO.webp\" \/>\n\t<meta property=\"og:image:width\" content=\"768\" \/>\n\t<meta property=\"og:image:height\" content=\"512\" \/>\n\t<meta property=\"og:image:type\" content=\"image\/webp\" \/>\n<meta name=\"author\" content=\"Reda\u00e7\u00e3o\" \/>\n<meta name=\"twitter:card\" content=\"summary_large_image\" \/>\n<meta name=\"twitter:label1\" content=\"Escrito por\" \/>\n\t<meta name=\"twitter:data1\" content=\"Reda\u00e7\u00e3o\" \/>\n\t<meta name=\"twitter:label2\" content=\"Est. tempo de leitura\" \/>\n\t<meta name=\"twitter:data2\" content=\"3 minutos\" \/>\n<script type=\"application\/ld+json\" class=\"yoast-schema-graph\">{\"@context\":\"https:\\\/\\\/schema.org\",\"@graph\":[{\"@type\":\"Article\",\"@id\":\"https:\\\/\\\/ocoerente.com.br\\\/se\\\/2024\\\/12\\\/23\\\/projeto-de-lei-de-dr-samuel-que-limita-o-uso-de-celulares-nas-escolas-e-aprovado-na-alese\\\/#article\",\"isPartOf\":{\"@id\":\"https:\\\/\\\/ocoerente.com.br\\\/se\\\/2024\\\/12\\\/23\\\/projeto-de-lei-de-dr-samuel-que-limita-o-uso-de-celulares-nas-escolas-e-aprovado-na-alese\\\/\"},\"author\":{\"name\":\"Reda\u00e7\u00e3o\",\"@id\":\"https:\\\/\\\/ocoerente.com.br\\\/se\\\/#\\\/schema\\\/person\\\/cc6bfd9fbca465e23543b0c963d8d037\"},\"headline\":\"Projeto de Lei de Dr. Samuel que limita o uso de celulares nas escolas \u00e9 aprovado na Alese\",\"datePublished\":\"2024-12-23T07:11:56+00:00\",\"dateModified\":\"2024-12-23T07:11:57+00:00\",\"mainEntityOfPage\":{\"@id\":\"https:\\\/\\\/ocoerente.com.br\\\/se\\\/2024\\\/12\\\/23\\\/projeto-de-lei-de-dr-samuel-que-limita-o-uso-de-celulares-nas-escolas-e-aprovado-na-alese\\\/\"},\"wordCount\":415,\"publisher\":{\"@id\":\"https:\\\/\\\/ocoerente.com.br\\\/se\\\/#\\\/schema\\\/person\\\/cc6bfd9fbca465e23543b0c963d8d037\"},\"image\":{\"@id\":\"https:\\\/\\\/ocoerente.com.br\\\/se\\\/2024\\\/12\\\/23\\\/projeto-de-lei-de-dr-samuel-que-limita-o-uso-de-celulares-nas-escolas-e-aprovado-na-alese\\\/#primaryimage\"},\"thumbnailUrl\":\"https:\\\/\\\/ocoerente.com.br\\\/se\\\/wp-content\\\/uploads\\\/2024\\\/12\\\/DR_SAMUEL_JADILSO.webp\",\"articleSection\":[\"Destaques\",\"Pol\u00edtica\"],\"inLanguage\":\"pt-BR\"},{\"@type\":\"WebPage\",\"@id\":\"https:\\\/\\\/ocoerente.com.br\\\/se\\\/2024\\\/12\\\/23\\\/projeto-de-lei-de-dr-samuel-que-limita-o-uso-de-celulares-nas-escolas-e-aprovado-na-alese\\\/\",\"url\":\"https:\\\/\\\/ocoerente.com.br\\\/se\\\/2024\\\/12\\\/23\\\/projeto-de-lei-de-dr-samuel-que-limita-o-uso-de-celulares-nas-escolas-e-aprovado-na-alese\\\/\",\"name\":\"Projeto de Lei de Dr. Samuel que limita o uso de celulares nas escolas \u00e9 aprovado na Alese - O Coerente\",\"isPartOf\":{\"@id\":\"https:\\\/\\\/ocoerente.com.br\\\/se\\\/#website\"},\"primaryImageOfPage\":{\"@id\":\"https:\\\/\\\/ocoerente.com.br\\\/se\\\/2024\\\/12\\\/23\\\/projeto-de-lei-de-dr-samuel-que-limita-o-uso-de-celulares-nas-escolas-e-aprovado-na-alese\\\/#primaryimage\"},\"image\":{\"@id\":\"https:\\\/\\\/ocoerente.com.br\\\/se\\\/2024\\\/12\\\/23\\\/projeto-de-lei-de-dr-samuel-que-limita-o-uso-de-celulares-nas-escolas-e-aprovado-na-alese\\\/#primaryimage\"},\"thumbnailUrl\":\"https:\\\/\\\/ocoerente.com.br\\\/se\\\/wp-content\\\/uploads\\\/2024\\\/12\\\/DR_SAMUEL_JADILSO.webp\",\"datePublished\":\"2024-12-23T07:11:56+00:00\",\"dateModified\":\"2024-12-23T07:11:57+00:00\",\"breadcrumb\":{\"@id\":\"https:\\\/\\\/ocoerente.com.br\\\/se\\\/2024\\\/12\\\/23\\\/projeto-de-lei-de-dr-samuel-que-limita-o-uso-de-celulares-nas-escolas-e-aprovado-na-alese\\\/#breadcrumb\"},\"inLanguage\":\"pt-BR\",\"potentialAction\":[{\"@type\":\"ReadAction\",\"target\":[\"https:\\\/\\\/ocoerente.com.br\\\/se\\\/2024\\\/12\\\/23\\\/projeto-de-lei-de-dr-samuel-que-limita-o-uso-de-celulares-nas-escolas-e-aprovado-na-alese\\\/\"]}]},{\"@type\":\"ImageObject\",\"inLanguage\":\"pt-BR\",\"@id\":\"https:\\\/\\\/ocoerente.com.br\\\/se\\\/2024\\\/12\\\/23\\\/projeto-de-lei-de-dr-samuel-que-limita-o-uso-de-celulares-nas-escolas-e-aprovado-na-alese\\\/#primaryimage\",\"url\":\"https:\\\/\\\/ocoerente.com.br\\\/se\\\/wp-content\\\/uploads\\\/2024\\\/12\\\/DR_SAMUEL_JADILSO.webp\",\"contentUrl\":\"https:\\\/\\\/ocoerente.com.br\\\/se\\\/wp-content\\\/uploads\\\/2024\\\/12\\\/DR_SAMUEL_JADILSO.webp\",\"width\":768,\"height\":512},{\"@type\":\"BreadcrumbList\",\"@id\":\"https:\\\/\\\/ocoerente.com.br\\\/se\\\/2024\\\/12\\\/23\\\/projeto-de-lei-de-dr-samuel-que-limita-o-uso-de-celulares-nas-escolas-e-aprovado-na-alese\\\/#breadcrumb\",\"itemListElement\":[{\"@type\":\"ListItem\",\"position\":1,\"name\":\"In\u00edcio\",\"item\":\"https:\\\/\\\/ocoerente.com.br\\\/se\\\/\"},{\"@type\":\"ListItem\",\"position\":2,\"name\":\"Projeto de Lei de Dr. Samuel que limita o uso de celulares nas escolas \u00e9 aprovado na Alese\"}]},{\"@type\":\"WebSite\",\"@id\":\"https:\\\/\\\/ocoerente.com.br\\\/se\\\/#website\",\"url\":\"https:\\\/\\\/ocoerente.com.br\\\/se\\\/\",\"name\":\"O Coerente\",\"description\":\"\",\"publisher\":{\"@id\":\"https:\\\/\\\/ocoerente.com.br\\\/se\\\/#\\\/schema\\\/person\\\/cc6bfd9fbca465e23543b0c963d8d037\"},\"potentialAction\":[{\"@type\":\"SearchAction\",\"target\":{\"@type\":\"EntryPoint\",\"urlTemplate\":\"https:\\\/\\\/ocoerente.com.br\\\/se\\\/?s={search_term_string}\"},\"query-input\":{\"@type\":\"PropertyValueSpecification\",\"valueRequired\":true,\"valueName\":\"search_term_string\"}}],\"inLanguage\":\"pt-BR\"},{\"@type\":[\"Person\",\"Organization\"],\"@id\":\"https:\\\/\\\/ocoerente.com.br\\\/se\\\/#\\\/schema\\\/person\\\/cc6bfd9fbca465e23543b0c963d8d037\",\"name\":\"Reda\u00e7\u00e3o\",\"image\":{\"@type\":\"ImageObject\",\"inLanguage\":\"pt-BR\",\"@id\":\"https:\\\/\\\/ocoerente.com.br\\\/se\\\/wp-content\\\/uploads\\\/2020\\\/01\\\/ocoerente-1.png\",\"url\":\"https:\\\/\\\/ocoerente.com.br\\\/se\\\/wp-content\\\/uploads\\\/2020\\\/01\\\/ocoerente-1.png\",\"contentUrl\":\"https:\\\/\\\/ocoerente.com.br\\\/se\\\/wp-content\\\/uploads\\\/2020\\\/01\\\/ocoerente-1.png\",\"width\":50,\"height\":50,\"caption\":\"Reda\u00e7\u00e3o\"},\"logo\":{\"@id\":\"https:\\\/\\\/ocoerente.com.br\\\/se\\\/wp-content\\\/uploads\\\/2020\\\/01\\\/ocoerente-1.png\"},\"url\":\"https:\\\/\\\/ocoerente.com.br\\\/se\\\/author\\\/vasticlsales\\\/\"}]}<\/script>\n<!-- \/ Yoast SEO plugin. -->","yoast_head_json":{"title":"Projeto de Lei de Dr. Samuel que limita o uso de celulares nas escolas \u00e9 aprovado na Alese - O Coerente","robots":{"index":"index","follow":"follow","max-snippet":"max-snippet:-1","max-image-preview":"max-image-preview:large","max-video-preview":"max-video-preview:-1"},"canonical":"https:\/\/ocoerente.com.br\/se\/2024\/12\/23\/projeto-de-lei-de-dr-samuel-que-limita-o-uso-de-celulares-nas-escolas-e-aprovado-na-alese\/","og_locale":"pt_BR","og_type":"article","og_title":"Projeto de Lei de Dr. Samuel que limita o uso de celulares nas escolas \u00e9 aprovado na Alese - O Coerente","og_description":"O Projeto de Lei pro\u00edbe o uso de celulares durante as aulas e em momentos de explana\u00e7\u00e3o dos professores ou realiza\u00e7\u00e3o de trabalhos individuais ou em grupo Foi aprovado nesta quinta-feira (19) o Projeto de Lei n\u00ba 268\/2024, de autoria do deputado estadual Dr. Samuel Carvalho (Cidadania), que regulamenta o uso de celulares e dispositivos [&hellip;]","og_url":"https:\/\/ocoerente.com.br\/se\/2024\/12\/23\/projeto-de-lei-de-dr-samuel-que-limita-o-uso-de-celulares-nas-escolas-e-aprovado-na-alese\/","og_site_name":"O Coerente","article_published_time":"2024-12-23T07:11:56+00:00","article_modified_time":"2024-12-23T07:11:57+00:00","og_image":[{"width":768,"height":512,"url":"https:\/\/ocoerente.com.br\/se\/wp-content\/uploads\/2024\/12\/DR_SAMUEL_JADILSO.webp","type":"image\/webp"}],"author":"Reda\u00e7\u00e3o","twitter_card":"summary_large_image","twitter_misc":{"Escrito por":"Reda\u00e7\u00e3o","Est. tempo de leitura":"3 minutos"},"schema":{"@context":"https:\/\/schema.org","@graph":[{"@type":"Article","@id":"https:\/\/ocoerente.com.br\/se\/2024\/12\/23\/projeto-de-lei-de-dr-samuel-que-limita-o-uso-de-celulares-nas-escolas-e-aprovado-na-alese\/#article","isPartOf":{"@id":"https:\/\/ocoerente.com.br\/se\/2024\/12\/23\/projeto-de-lei-de-dr-samuel-que-limita-o-uso-de-celulares-nas-escolas-e-aprovado-na-alese\/"},"author":{"name":"Reda\u00e7\u00e3o","@id":"https:\/\/ocoerente.com.br\/se\/#\/schema\/person\/cc6bfd9fbca465e23543b0c963d8d037"},"headline":"Projeto de Lei de Dr. Samuel que limita o uso de celulares nas escolas \u00e9 aprovado na Alese","datePublished":"2024-12-23T07:11:56+00:00","dateModified":"2024-12-23T07:11:57+00:00","mainEntityOfPage":{"@id":"https:\/\/ocoerente.com.br\/se\/2024\/12\/23\/projeto-de-lei-de-dr-samuel-que-limita-o-uso-de-celulares-nas-escolas-e-aprovado-na-alese\/"},"wordCount":415,"publisher":{"@id":"https:\/\/ocoerente.com.br\/se\/#\/schema\/person\/cc6bfd9fbca465e23543b0c963d8d037"},"image":{"@id":"https:\/\/ocoerente.com.br\/se\/2024\/12\/23\/projeto-de-lei-de-dr-samuel-que-limita-o-uso-de-celulares-nas-escolas-e-aprovado-na-alese\/#primaryimage"},"thumbnailUrl":"https:\/\/ocoerente.com.br\/se\/wp-content\/uploads\/2024\/12\/DR_SAMUEL_JADILSO.webp","articleSection":["Destaques","Pol\u00edtica"],"inLanguage":"pt-BR"},{"@type":"WebPage","@id":"https:\/\/ocoerente.com.br\/se\/2024\/12\/23\/projeto-de-lei-de-dr-samuel-que-limita-o-uso-de-celulares-nas-escolas-e-aprovado-na-alese\/","url":"https:\/\/ocoerente.com.br\/se\/2024\/12\/23\/projeto-de-lei-de-dr-samuel-que-limita-o-uso-de-celulares-nas-escolas-e-aprovado-na-alese\/","name":"Projeto de Lei de Dr. Samuel que limita o uso de celulares nas escolas \u00e9 aprovado na Alese - O Coerente","isPartOf":{"@id":"https:\/\/ocoerente.com.br\/se\/#website"},"primaryImageOfPage":{"@id":"https:\/\/ocoerente.com.br\/se\/2024\/12\/23\/projeto-de-lei-de-dr-samuel-que-limita-o-uso-de-celulares-nas-escolas-e-aprovado-na-alese\/#primaryimage"},"image":{"@id":"https:\/\/ocoerente.com.br\/se\/2024\/12\/23\/projeto-de-lei-de-dr-samuel-que-limita-o-uso-de-celulares-nas-escolas-e-aprovado-na-alese\/#primaryimage"},"thumbnailUrl":"https:\/\/ocoerente.com.br\/se\/wp-content\/uploads\/2024\/12\/DR_SAMUEL_JADILSO.webp","datePublished":"2024-12-23T07:11:56+00:00","dateModified":"2024-12-23T07:11:57+00:00","breadcrumb":{"@id":"https:\/\/ocoerente.com.br\/se\/2024\/12\/23\/projeto-de-lei-de-dr-samuel-que-limita-o-uso-de-celulares-nas-escolas-e-aprovado-na-alese\/#breadcrumb"},"inLanguage":"pt-BR","potentialAction":[{"@type":"ReadAction","target":["https:\/\/ocoerente.com.br\/se\/2024\/12\/23\/projeto-de-lei-de-dr-samuel-que-limita-o-uso-de-celulares-nas-escolas-e-aprovado-na-alese\/"]}]},{"@type":"ImageObject","inLanguage":"pt-BR","@id":"https:\/\/ocoerente.com.br\/se\/2024\/12\/23\/projeto-de-lei-de-dr-samuel-que-limita-o-uso-de-celulares-nas-escolas-e-aprovado-na-alese\/#primaryimage","url":"https:\/\/ocoerente.com.br\/se\/wp-content\/uploads\/2024\/12\/DR_SAMUEL_JADILSO.webp","contentUrl":"https:\/\/ocoerente.com.br\/se\/wp-content\/uploads\/2024\/12\/DR_SAMUEL_JADILSO.webp","width":768,"height":512},{"@type":"BreadcrumbList","@id":"https:\/\/ocoerente.com.br\/se\/2024\/12\/23\/projeto-de-lei-de-dr-samuel-que-limita-o-uso-de-celulares-nas-escolas-e-aprovado-na-alese\/#breadcrumb","itemListElement":[{"@type":"ListItem","position":1,"name":"In\u00edcio","item":"https:\/\/ocoerente.com.br\/se\/"},{"@type":"ListItem","position":2,"name":"Projeto de Lei de Dr. Samuel que limita o uso de celulares nas escolas \u00e9 aprovado na Alese"}]},{"@type":"WebSite","@id":"https:\/\/ocoerente.com.br\/se\/#website","url":"https:\/\/ocoerente.com.br\/se\/","name":"O Coerente","description":"","publisher":{"@id":"https:\/\/ocoerente.com.br\/se\/#\/schema\/person\/cc6bfd9fbca465e23543b0c963d8d037"},"potentialAction":[{"@type":"SearchAction","target":{"@type":"EntryPoint","urlTemplate":"https:\/\/ocoerente.com.br\/se\/?s={search_term_string}"},"query-input":{"@type":"PropertyValueSpecification","valueRequired":true,"valueName":"search_term_string"}}],"inLanguage":"pt-BR"},{"@type":["Person","Organization"],"@id":"https:\/\/ocoerente.com.br\/se\/#\/schema\/person\/cc6bfd9fbca465e23543b0c963d8d037","name":"Reda\u00e7\u00e3o","image":{"@type":"ImageObject","inLanguage":"pt-BR","@id":"https:\/\/ocoerente.com.br\/se\/wp-content\/uploads\/2020\/01\/ocoerente-1.png","url":"https:\/\/ocoerente.com.br\/se\/wp-content\/uploads\/2020\/01\/ocoerente-1.png","contentUrl":"https:\/\/ocoerente.com.br\/se\/wp-content\/uploads\/2020\/01\/ocoerente-1.png","width":50,"height":50,"caption":"Reda\u00e7\u00e3o"},"logo":{"@id":"https:\/\/ocoerente.com.br\/se\/wp-content\/uploads\/2020\/01\/ocoerente-1.png"},"url":"https:\/\/ocoerente.com.br\/se\/author\/vasticlsales\/"}]}},"_links":{"self":[{"href":"https:\/\/ocoerente.com.br\/se\/wp-json\/wp\/v2\/posts\/12030","targetHints":{"allow":["GET"]}}],"collection":[{"href":"https:\/\/ocoerente.com.br\/se\/wp-json\/wp\/v2\/posts"}],"about":[{"href":"https:\/\/ocoerente.com.br\/se\/wp-json\/wp\/v2\/types\/post"}],"author":[{"embeddable":true,"href":"https:\/\/ocoerente.com.br\/se\/wp-json\/wp\/v2\/users\/1"}],"replies":[{"embeddable":true,"href":"https:\/\/ocoerente.com.br\/se\/wp-json\/wp\/v2\/comments?post=12030"}],"version-history":[{"count":1,"href":"https:\/\/ocoerente.com.br\/se\/wp-json\/wp\/v2\/posts\/12030\/revisions"}],"predecessor-version":[{"id":12032,"href":"https:\/\/ocoerente.com.br\/se\/wp-json\/wp\/v2\/posts\/12030\/revisions\/12032"}],"wp:featuredmedia":[{"embeddable":true,"href":"https:\/\/ocoerente.com.br\/se\/wp-json\/wp\/v2\/media\/12031"}],"wp:attachment":[{"href":"https:\/\/ocoerente.com.br\/se\/wp-json\/wp\/v2\/media?parent=12030"}],"wp:term":[{"taxonomy":"category","embeddable":true,"href":"https:\/\/ocoerente.com.br\/se\/wp-json\/wp\/v2\/categories?post=12030"},{"taxonomy":"post_tag","embeddable":true,"href":"https:\/\/ocoerente.com.br\/se\/wp-json\/wp\/v2\/tags?post=12030"}],"curies":[{"name":"wp","href":"https:\/\/api.w.org\/{rel}","templated":true}]}}