{"id":11947,"date":"2024-12-17T08:39:47","date_gmt":"2024-12-17T11:39:47","guid":{"rendered":"https:\/\/ocoerente.com.br\/se\/?p=11947"},"modified":"2024-12-17T08:39:51","modified_gmt":"2024-12-17T11:39:51","slug":"parada-natalina-e-novidade-da-vila-do-natal-iluminado-e-encanta-publico-com-beleza-e-arte","status":"publish","type":"post","link":"https:\/\/ocoerente.com.br\/se\/2024\/12\/17\/parada-natalina-e-novidade-da-vila-do-natal-iluminado-e-encanta-publico-com-beleza-e-arte\/","title":{"rendered":"Parada Natalina \u00e9 novidade da Vila do Natal Iluminado e encanta p\u00fablico com beleza e arte"},"content":{"rendered":"\n<p><em>Desfile parte do Mundo Maravilhoso da Crian\u00e7a e vai at\u00e9 a Pra\u00e7a de Eventos, com Papai Noel como grande atra\u00e7\u00e3o<\/em><\/p>\n\n\n\n<p>Em sua segunda edi\u00e7\u00e3o, a Vila do Natal Iluminado traz diversas novidades. E uma das que mais encantaram&nbsp;o p\u00fablico neste domingo, 15, foi a Parada Natalina. Realizada pela primeira vez em 2024, ela atraiu centenas de olhares e fez a Orla da Atalaia, em Aracaju, parar para admirar a atra\u00e7\u00e3o.<\/p>\n\n\n\n<p>A Parada Natalina \u00e9 um desfile que sai do Mundo Maravilhoso da Crian\u00e7a e vai at\u00e9 a Pra\u00e7a de Eventos da Orla, onde fica a Vila do Natal. Ela \u00e9 composta por diversas atra\u00e7\u00f5es art\u00edsticas, das tradicionais \u00e0s mais novas, que v\u00e3o de anjos e bailarinas a componentes de circo passeando pela avenida. Ao final, a grande atra\u00e7\u00e3o: um carro com o Papai Noel, que, ao lado da Mam\u00e3e Noel, enche de sorrisos aracajuanos e turistas. A Parada tamb\u00e9m ser\u00e1 realizada nos dias 22 e 25 de dezembro, sempre \u00e0s 19h e no mesmo percurso.<\/p>\n\n\n\n<p>Um dos que ficaram admirados pela beleza do evento foi o aut\u00f4nomo J\u00fanior Brito, que curtiu a Vila com toda a fam\u00edlia e elogiou bastante a iniciativa. Ele esteve ao lado da esposa Alva, e dos filhos Sofia, de 15 anos, e Vitor, de 9, que tiraram muitas fotos e interagiram com o Papai Noel.<\/p>\n\n\n\n<p>\u201cFicou muito interessante, uma novidade bem agrad\u00e1vel. As crian\u00e7as adoram, e a gente se diverte. A estrutura do evento est\u00e1 muito legal, tudo super organizado. E o Papai Noel \u00e9 uma novidade que, depois de hoje, vai fazer mais gente vir aqui conhecer a Vila&#8221;, afirmou.<\/p>\n\n\n\n<p>Quem tamb\u00e9m aproveitou o desfile foi o microempres\u00e1rio Rodrigo Alves, que junto da esposa Carol Souza, estava ansioso pela passagem do Papai Noel. \u201cJ\u00e1 tinha vindo aqui na Vila nos dias anteriores e gostei bastante, o espa\u00e7o melhorou em tudo comparado ao ano passado. At\u00e9 a energia est\u00e1 melhor. E fiquei aqui esperando para ver o Papai Noel. Gostei muito do desfile, vale a pena as pessoas sa\u00edrem de casa para ver\u201d, exaltou.<\/p>\n\n\n\n<p>E a Parada Natalina n\u00e3o encanta apenas o p\u00fablico que o acompanha, mas tamb\u00e9m quem trabalha nela. A artista Paula Auday faz parte da comiss\u00e3o de frente do desfile, e rasgou elogios \u00e0 iniciativa e ao clima natalino. Segundo ela, a parada n\u00e3o apenas traz luzes e beleza, mas tamb\u00e9m valoriza o trabalho dos artistas locais envolvidos.<\/p>\n\n\n\n<p>\u201cO Papai Noel \u00e9 a grande atra\u00e7\u00e3o, mas todos os que est\u00e3o aqui trazem muito brilho e beleza. Estamos sendo muito bem-recebidos, e \u00e9 algo m\u00e1gico. A ideia \u00e9 transmitir a energia do Natal, com alegria e amor, e que o esp\u00edrito natalino possa contagiar a todos. Todas as alas foram pensadas para construir um enredo para o p\u00fablico, criando uma liga\u00e7\u00e3o emocional. \u00c9 algo muito importante para todos n\u00f3s, valorizando os nossos artistas que oferecem esse sonho de Natal a todos&#8221;, disse ela.<\/p>\n\n\n\n<p><strong>Vila do Natal<\/strong><\/p>\n\n\n\n<p>A Vila do Natal Iluminado \u00e9 uma realiza\u00e7\u00e3o do Governo de Sergipe, por meio da Funda\u00e7\u00e3o de Cultura e Arte Aperip\u00ea (Funcap), e Federa\u00e7\u00e3o do Com\u00e9rcio de Bens, Servi\u00e7os e Turismo do Estado de Sergipe (Fecom\u00e9rcio\/SE), com apoio do Banese, Deso, Netiz e Energisa.<\/p>\n\n\n\n<p>Governo de Sergipe<\/p>\n","protected":false},"excerpt":{"rendered":"<p>Desfile parte do Mundo Maravilhoso da Crian\u00e7a e vai at\u00e9 a Pra\u00e7a de Eventos, com Papai Noel como grande atra\u00e7\u00e3o Em sua segunda edi\u00e7\u00e3o, a Vila do Natal Iluminado traz diversas novidades. E uma das que mais encantaram&nbsp;o p\u00fablico neste domingo, 15, foi a Parada Natalina. Realizada pela primeira vez em 2024, ela atraiu centenas [&hellip;]<\/p>\n","protected":false},"author":1,"featured_media":11948,"comment_status":"closed","ping_status":"closed","sticky":false,"template":"","format":"standard","meta":{"footnotes":""},"categories":[53,52],"tags":[],"class_list":["post-11947","post","type-post","status-publish","format-standard","has-post-thumbnail","hentry","category-destaques","category-entretenimento"],"yoast_head":"<!-- This site is optimized with the Yoast SEO plugin v27.4 - https:\/\/yoast.com\/product\/yoast-seo-wordpress\/ -->\n<title>Parada Natalina \u00e9 novidade da Vila do Natal Iluminado e encanta p\u00fablico com beleza e arte - O Coerente<\/title>\n<meta name=\"robots\" content=\"index, follow, max-snippet:-1, max-image-preview:large, max-video-preview:-1\" \/>\n<link rel=\"canonical\" href=\"https:\/\/ocoerente.com.br\/se\/2024\/12\/17\/parada-natalina-e-novidade-da-vila-do-natal-iluminado-e-encanta-publico-com-beleza-e-arte\/\" \/>\n<meta property=\"og:locale\" content=\"pt_BR\" \/>\n<meta property=\"og:type\" content=\"article\" \/>\n<meta property=\"og:title\" content=\"Parada Natalina \u00e9 novidade da Vila do Natal Iluminado e encanta p\u00fablico com beleza e arte - O Coerente\" \/>\n<meta property=\"og:description\" content=\"Desfile parte do Mundo Maravilhoso da Crian\u00e7a e vai at\u00e9 a Pra\u00e7a de Eventos, com Papai Noel como grande atra\u00e7\u00e3o Em sua segunda edi\u00e7\u00e3o, a Vila do Natal Iluminado traz diversas novidades. E uma das que mais encantaram&nbsp;o p\u00fablico neste domingo, 15, foi a Parada Natalina. Realizada pela primeira vez em 2024, ela atraiu centenas [&hellip;]\" \/>\n<meta property=\"og:url\" content=\"https:\/\/ocoerente.com.br\/se\/2024\/12\/17\/parada-natalina-e-novidade-da-vila-do-natal-iluminado-e-encanta-publico-com-beleza-e-arte\/\" \/>\n<meta property=\"og:site_name\" content=\"O Coerente\" \/>\n<meta property=\"article:published_time\" content=\"2024-12-17T11:39:47+00:00\" \/>\n<meta property=\"article:modified_time\" content=\"2024-12-17T11:39:51+00:00\" \/>\n<meta property=\"og:image\" content=\"https:\/\/ocoerente.com.br\/se\/wp-content\/uploads\/2024\/12\/f3be8cd.jpg\" \/>\n\t<meta property=\"og:image:width\" content=\"1100\" \/>\n\t<meta property=\"og:image:height\" content=\"610\" \/>\n\t<meta property=\"og:image:type\" content=\"image\/jpeg\" \/>\n<meta name=\"author\" content=\"Reda\u00e7\u00e3o\" \/>\n<meta name=\"twitter:card\" content=\"summary_large_image\" \/>\n<meta name=\"twitter:label1\" content=\"Escrito por\" \/>\n\t<meta name=\"twitter:data1\" content=\"Reda\u00e7\u00e3o\" \/>\n\t<meta name=\"twitter:label2\" content=\"Est. tempo de leitura\" \/>\n\t<meta name=\"twitter:data2\" content=\"4 minutos\" \/>\n<script type=\"application\/ld+json\" class=\"yoast-schema-graph\">{\"@context\":\"https:\\\/\\\/schema.org\",\"@graph\":[{\"@type\":\"Article\",\"@id\":\"https:\\\/\\\/ocoerente.com.br\\\/se\\\/2024\\\/12\\\/17\\\/parada-natalina-e-novidade-da-vila-do-natal-iluminado-e-encanta-publico-com-beleza-e-arte\\\/#article\",\"isPartOf\":{\"@id\":\"https:\\\/\\\/ocoerente.com.br\\\/se\\\/2024\\\/12\\\/17\\\/parada-natalina-e-novidade-da-vila-do-natal-iluminado-e-encanta-publico-com-beleza-e-arte\\\/\"},\"author\":{\"name\":\"Reda\u00e7\u00e3o\",\"@id\":\"https:\\\/\\\/ocoerente.com.br\\\/se\\\/#\\\/schema\\\/person\\\/cc6bfd9fbca465e23543b0c963d8d037\"},\"headline\":\"Parada Natalina \u00e9 novidade da Vila do Natal Iluminado e encanta p\u00fablico com beleza e arte\",\"datePublished\":\"2024-12-17T11:39:47+00:00\",\"dateModified\":\"2024-12-17T11:39:51+00:00\",\"mainEntityOfPage\":{\"@id\":\"https:\\\/\\\/ocoerente.com.br\\\/se\\\/2024\\\/12\\\/17\\\/parada-natalina-e-novidade-da-vila-do-natal-iluminado-e-encanta-publico-com-beleza-e-arte\\\/\"},\"wordCount\":576,\"publisher\":{\"@id\":\"https:\\\/\\\/ocoerente.com.br\\\/se\\\/#\\\/schema\\\/person\\\/cc6bfd9fbca465e23543b0c963d8d037\"},\"image\":{\"@id\":\"https:\\\/\\\/ocoerente.com.br\\\/se\\\/2024\\\/12\\\/17\\\/parada-natalina-e-novidade-da-vila-do-natal-iluminado-e-encanta-publico-com-beleza-e-arte\\\/#primaryimage\"},\"thumbnailUrl\":\"https:\\\/\\\/ocoerente.com.br\\\/se\\\/wp-content\\\/uploads\\\/2024\\\/12\\\/f3be8cd.jpg\",\"articleSection\":[\"Destaques\",\"Entretenimento\"],\"inLanguage\":\"pt-BR\"},{\"@type\":\"WebPage\",\"@id\":\"https:\\\/\\\/ocoerente.com.br\\\/se\\\/2024\\\/12\\\/17\\\/parada-natalina-e-novidade-da-vila-do-natal-iluminado-e-encanta-publico-com-beleza-e-arte\\\/\",\"url\":\"https:\\\/\\\/ocoerente.com.br\\\/se\\\/2024\\\/12\\\/17\\\/parada-natalina-e-novidade-da-vila-do-natal-iluminado-e-encanta-publico-com-beleza-e-arte\\\/\",\"name\":\"Parada Natalina \u00e9 novidade da Vila do Natal Iluminado e encanta p\u00fablico com beleza e arte - O Coerente\",\"isPartOf\":{\"@id\":\"https:\\\/\\\/ocoerente.com.br\\\/se\\\/#website\"},\"primaryImageOfPage\":{\"@id\":\"https:\\\/\\\/ocoerente.com.br\\\/se\\\/2024\\\/12\\\/17\\\/parada-natalina-e-novidade-da-vila-do-natal-iluminado-e-encanta-publico-com-beleza-e-arte\\\/#primaryimage\"},\"image\":{\"@id\":\"https:\\\/\\\/ocoerente.com.br\\\/se\\\/2024\\\/12\\\/17\\\/parada-natalina-e-novidade-da-vila-do-natal-iluminado-e-encanta-publico-com-beleza-e-arte\\\/#primaryimage\"},\"thumbnailUrl\":\"https:\\\/\\\/ocoerente.com.br\\\/se\\\/wp-content\\\/uploads\\\/2024\\\/12\\\/f3be8cd.jpg\",\"datePublished\":\"2024-12-17T11:39:47+00:00\",\"dateModified\":\"2024-12-17T11:39:51+00:00\",\"breadcrumb\":{\"@id\":\"https:\\\/\\\/ocoerente.com.br\\\/se\\\/2024\\\/12\\\/17\\\/parada-natalina-e-novidade-da-vila-do-natal-iluminado-e-encanta-publico-com-beleza-e-arte\\\/#breadcrumb\"},\"inLanguage\":\"pt-BR\",\"potentialAction\":[{\"@type\":\"ReadAction\",\"target\":[\"https:\\\/\\\/ocoerente.com.br\\\/se\\\/2024\\\/12\\\/17\\\/parada-natalina-e-novidade-da-vila-do-natal-iluminado-e-encanta-publico-com-beleza-e-arte\\\/\"]}]},{\"@type\":\"ImageObject\",\"inLanguage\":\"pt-BR\",\"@id\":\"https:\\\/\\\/ocoerente.com.br\\\/se\\\/2024\\\/12\\\/17\\\/parada-natalina-e-novidade-da-vila-do-natal-iluminado-e-encanta-publico-com-beleza-e-arte\\\/#primaryimage\",\"url\":\"https:\\\/\\\/ocoerente.com.br\\\/se\\\/wp-content\\\/uploads\\\/2024\\\/12\\\/f3be8cd.jpg\",\"contentUrl\":\"https:\\\/\\\/ocoerente.com.br\\\/se\\\/wp-content\\\/uploads\\\/2024\\\/12\\\/f3be8cd.jpg\",\"width\":1100,\"height\":610,\"caption\":\"Desfile parte do Mundo Maravilhoso da Crian\u00e7a e vai at\u00e9 a Pra\u00e7a de Eventos \\\/ Foto: Thiago Santos\"},{\"@type\":\"BreadcrumbList\",\"@id\":\"https:\\\/\\\/ocoerente.com.br\\\/se\\\/2024\\\/12\\\/17\\\/parada-natalina-e-novidade-da-vila-do-natal-iluminado-e-encanta-publico-com-beleza-e-arte\\\/#breadcrumb\",\"itemListElement\":[{\"@type\":\"ListItem\",\"position\":1,\"name\":\"In\u00edcio\",\"item\":\"https:\\\/\\\/ocoerente.com.br\\\/se\\\/\"},{\"@type\":\"ListItem\",\"position\":2,\"name\":\"Parada Natalina \u00e9 novidade da Vila do Natal Iluminado e encanta p\u00fablico com beleza e arte\"}]},{\"@type\":\"WebSite\",\"@id\":\"https:\\\/\\\/ocoerente.com.br\\\/se\\\/#website\",\"url\":\"https:\\\/\\\/ocoerente.com.br\\\/se\\\/\",\"name\":\"O Coerente\",\"description\":\"\",\"publisher\":{\"@id\":\"https:\\\/\\\/ocoerente.com.br\\\/se\\\/#\\\/schema\\\/person\\\/cc6bfd9fbca465e23543b0c963d8d037\"},\"potentialAction\":[{\"@type\":\"SearchAction\",\"target\":{\"@type\":\"EntryPoint\",\"urlTemplate\":\"https:\\\/\\\/ocoerente.com.br\\\/se\\\/?s={search_term_string}\"},\"query-input\":{\"@type\":\"PropertyValueSpecification\",\"valueRequired\":true,\"valueName\":\"search_term_string\"}}],\"inLanguage\":\"pt-BR\"},{\"@type\":[\"Person\",\"Organization\"],\"@id\":\"https:\\\/\\\/ocoerente.com.br\\\/se\\\/#\\\/schema\\\/person\\\/cc6bfd9fbca465e23543b0c963d8d037\",\"name\":\"Reda\u00e7\u00e3o\",\"image\":{\"@type\":\"ImageObject\",\"inLanguage\":\"pt-BR\",\"@id\":\"https:\\\/\\\/ocoerente.com.br\\\/se\\\/wp-content\\\/uploads\\\/2020\\\/01\\\/ocoerente-1.png\",\"url\":\"https:\\\/\\\/ocoerente.com.br\\\/se\\\/wp-content\\\/uploads\\\/2020\\\/01\\\/ocoerente-1.png\",\"contentUrl\":\"https:\\\/\\\/ocoerente.com.br\\\/se\\\/wp-content\\\/uploads\\\/2020\\\/01\\\/ocoerente-1.png\",\"width\":50,\"height\":50,\"caption\":\"Reda\u00e7\u00e3o\"},\"logo\":{\"@id\":\"https:\\\/\\\/ocoerente.com.br\\\/se\\\/wp-content\\\/uploads\\\/2020\\\/01\\\/ocoerente-1.png\"},\"url\":\"https:\\\/\\\/ocoerente.com.br\\\/se\\\/author\\\/vasticlsales\\\/\"}]}<\/script>\n<!-- \/ Yoast SEO plugin. -->","yoast_head_json":{"title":"Parada Natalina \u00e9 novidade da Vila do Natal Iluminado e encanta p\u00fablico com beleza e arte - O Coerente","robots":{"index":"index","follow":"follow","max-snippet":"max-snippet:-1","max-image-preview":"max-image-preview:large","max-video-preview":"max-video-preview:-1"},"canonical":"https:\/\/ocoerente.com.br\/se\/2024\/12\/17\/parada-natalina-e-novidade-da-vila-do-natal-iluminado-e-encanta-publico-com-beleza-e-arte\/","og_locale":"pt_BR","og_type":"article","og_title":"Parada Natalina \u00e9 novidade da Vila do Natal Iluminado e encanta p\u00fablico com beleza e arte - O Coerente","og_description":"Desfile parte do Mundo Maravilhoso da Crian\u00e7a e vai at\u00e9 a Pra\u00e7a de Eventos, com Papai Noel como grande atra\u00e7\u00e3o Em sua segunda edi\u00e7\u00e3o, a Vila do Natal Iluminado traz diversas novidades. E uma das que mais encantaram&nbsp;o p\u00fablico neste domingo, 15, foi a Parada Natalina. Realizada pela primeira vez em 2024, ela atraiu centenas [&hellip;]","og_url":"https:\/\/ocoerente.com.br\/se\/2024\/12\/17\/parada-natalina-e-novidade-da-vila-do-natal-iluminado-e-encanta-publico-com-beleza-e-arte\/","og_site_name":"O Coerente","article_published_time":"2024-12-17T11:39:47+00:00","article_modified_time":"2024-12-17T11:39:51+00:00","og_image":[{"width":1100,"height":610,"url":"https:\/\/ocoerente.com.br\/se\/wp-content\/uploads\/2024\/12\/f3be8cd.jpg","type":"image\/jpeg"}],"author":"Reda\u00e7\u00e3o","twitter_card":"summary_large_image","twitter_misc":{"Escrito por":"Reda\u00e7\u00e3o","Est. tempo de leitura":"4 minutos"},"schema":{"@context":"https:\/\/schema.org","@graph":[{"@type":"Article","@id":"https:\/\/ocoerente.com.br\/se\/2024\/12\/17\/parada-natalina-e-novidade-da-vila-do-natal-iluminado-e-encanta-publico-com-beleza-e-arte\/#article","isPartOf":{"@id":"https:\/\/ocoerente.com.br\/se\/2024\/12\/17\/parada-natalina-e-novidade-da-vila-do-natal-iluminado-e-encanta-publico-com-beleza-e-arte\/"},"author":{"name":"Reda\u00e7\u00e3o","@id":"https:\/\/ocoerente.com.br\/se\/#\/schema\/person\/cc6bfd9fbca465e23543b0c963d8d037"},"headline":"Parada Natalina \u00e9 novidade da Vila do Natal Iluminado e encanta p\u00fablico com beleza e arte","datePublished":"2024-12-17T11:39:47+00:00","dateModified":"2024-12-17T11:39:51+00:00","mainEntityOfPage":{"@id":"https:\/\/ocoerente.com.br\/se\/2024\/12\/17\/parada-natalina-e-novidade-da-vila-do-natal-iluminado-e-encanta-publico-com-beleza-e-arte\/"},"wordCount":576,"publisher":{"@id":"https:\/\/ocoerente.com.br\/se\/#\/schema\/person\/cc6bfd9fbca465e23543b0c963d8d037"},"image":{"@id":"https:\/\/ocoerente.com.br\/se\/2024\/12\/17\/parada-natalina-e-novidade-da-vila-do-natal-iluminado-e-encanta-publico-com-beleza-e-arte\/#primaryimage"},"thumbnailUrl":"https:\/\/ocoerente.com.br\/se\/wp-content\/uploads\/2024\/12\/f3be8cd.jpg","articleSection":["Destaques","Entretenimento"],"inLanguage":"pt-BR"},{"@type":"WebPage","@id":"https:\/\/ocoerente.com.br\/se\/2024\/12\/17\/parada-natalina-e-novidade-da-vila-do-natal-iluminado-e-encanta-publico-com-beleza-e-arte\/","url":"https:\/\/ocoerente.com.br\/se\/2024\/12\/17\/parada-natalina-e-novidade-da-vila-do-natal-iluminado-e-encanta-publico-com-beleza-e-arte\/","name":"Parada Natalina \u00e9 novidade da Vila do Natal Iluminado e encanta p\u00fablico com beleza e arte - O Coerente","isPartOf":{"@id":"https:\/\/ocoerente.com.br\/se\/#website"},"primaryImageOfPage":{"@id":"https:\/\/ocoerente.com.br\/se\/2024\/12\/17\/parada-natalina-e-novidade-da-vila-do-natal-iluminado-e-encanta-publico-com-beleza-e-arte\/#primaryimage"},"image":{"@id":"https:\/\/ocoerente.com.br\/se\/2024\/12\/17\/parada-natalina-e-novidade-da-vila-do-natal-iluminado-e-encanta-publico-com-beleza-e-arte\/#primaryimage"},"thumbnailUrl":"https:\/\/ocoerente.com.br\/se\/wp-content\/uploads\/2024\/12\/f3be8cd.jpg","datePublished":"2024-12-17T11:39:47+00:00","dateModified":"2024-12-17T11:39:51+00:00","breadcrumb":{"@id":"https:\/\/ocoerente.com.br\/se\/2024\/12\/17\/parada-natalina-e-novidade-da-vila-do-natal-iluminado-e-encanta-publico-com-beleza-e-arte\/#breadcrumb"},"inLanguage":"pt-BR","potentialAction":[{"@type":"ReadAction","target":["https:\/\/ocoerente.com.br\/se\/2024\/12\/17\/parada-natalina-e-novidade-da-vila-do-natal-iluminado-e-encanta-publico-com-beleza-e-arte\/"]}]},{"@type":"ImageObject","inLanguage":"pt-BR","@id":"https:\/\/ocoerente.com.br\/se\/2024\/12\/17\/parada-natalina-e-novidade-da-vila-do-natal-iluminado-e-encanta-publico-com-beleza-e-arte\/#primaryimage","url":"https:\/\/ocoerente.com.br\/se\/wp-content\/uploads\/2024\/12\/f3be8cd.jpg","contentUrl":"https:\/\/ocoerente.com.br\/se\/wp-content\/uploads\/2024\/12\/f3be8cd.jpg","width":1100,"height":610,"caption":"Desfile parte do Mundo Maravilhoso da Crian\u00e7a e vai at\u00e9 a Pra\u00e7a de Eventos \/ Foto: Thiago Santos"},{"@type":"BreadcrumbList","@id":"https:\/\/ocoerente.com.br\/se\/2024\/12\/17\/parada-natalina-e-novidade-da-vila-do-natal-iluminado-e-encanta-publico-com-beleza-e-arte\/#breadcrumb","itemListElement":[{"@type":"ListItem","position":1,"name":"In\u00edcio","item":"https:\/\/ocoerente.com.br\/se\/"},{"@type":"ListItem","position":2,"name":"Parada Natalina \u00e9 novidade da Vila do Natal Iluminado e encanta p\u00fablico com beleza e arte"}]},{"@type":"WebSite","@id":"https:\/\/ocoerente.com.br\/se\/#website","url":"https:\/\/ocoerente.com.br\/se\/","name":"O Coerente","description":"","publisher":{"@id":"https:\/\/ocoerente.com.br\/se\/#\/schema\/person\/cc6bfd9fbca465e23543b0c963d8d037"},"potentialAction":[{"@type":"SearchAction","target":{"@type":"EntryPoint","urlTemplate":"https:\/\/ocoerente.com.br\/se\/?s={search_term_string}"},"query-input":{"@type":"PropertyValueSpecification","valueRequired":true,"valueName":"search_term_string"}}],"inLanguage":"pt-BR"},{"@type":["Person","Organization"],"@id":"https:\/\/ocoerente.com.br\/se\/#\/schema\/person\/cc6bfd9fbca465e23543b0c963d8d037","name":"Reda\u00e7\u00e3o","image":{"@type":"ImageObject","inLanguage":"pt-BR","@id":"https:\/\/ocoerente.com.br\/se\/wp-content\/uploads\/2020\/01\/ocoerente-1.png","url":"https:\/\/ocoerente.com.br\/se\/wp-content\/uploads\/2020\/01\/ocoerente-1.png","contentUrl":"https:\/\/ocoerente.com.br\/se\/wp-content\/uploads\/2020\/01\/ocoerente-1.png","width":50,"height":50,"caption":"Reda\u00e7\u00e3o"},"logo":{"@id":"https:\/\/ocoerente.com.br\/se\/wp-content\/uploads\/2020\/01\/ocoerente-1.png"},"url":"https:\/\/ocoerente.com.br\/se\/author\/vasticlsales\/"}]}},"_links":{"self":[{"href":"https:\/\/ocoerente.com.br\/se\/wp-json\/wp\/v2\/posts\/11947","targetHints":{"allow":["GET"]}}],"collection":[{"href":"https:\/\/ocoerente.com.br\/se\/wp-json\/wp\/v2\/posts"}],"about":[{"href":"https:\/\/ocoerente.com.br\/se\/wp-json\/wp\/v2\/types\/post"}],"author":[{"embeddable":true,"href":"https:\/\/ocoerente.com.br\/se\/wp-json\/wp\/v2\/users\/1"}],"replies":[{"embeddable":true,"href":"https:\/\/ocoerente.com.br\/se\/wp-json\/wp\/v2\/comments?post=11947"}],"version-history":[{"count":1,"href":"https:\/\/ocoerente.com.br\/se\/wp-json\/wp\/v2\/posts\/11947\/revisions"}],"predecessor-version":[{"id":11949,"href":"https:\/\/ocoerente.com.br\/se\/wp-json\/wp\/v2\/posts\/11947\/revisions\/11949"}],"wp:featuredmedia":[{"embeddable":true,"href":"https:\/\/ocoerente.com.br\/se\/wp-json\/wp\/v2\/media\/11948"}],"wp:attachment":[{"href":"https:\/\/ocoerente.com.br\/se\/wp-json\/wp\/v2\/media?parent=11947"}],"wp:term":[{"taxonomy":"category","embeddable":true,"href":"https:\/\/ocoerente.com.br\/se\/wp-json\/wp\/v2\/categories?post=11947"},{"taxonomy":"post_tag","embeddable":true,"href":"https:\/\/ocoerente.com.br\/se\/wp-json\/wp\/v2\/tags?post=11947"}],"curies":[{"name":"wp","href":"https:\/\/api.w.org\/{rel}","templated":true}]}}