{"id":11944,"date":"2024-12-17T08:38:10","date_gmt":"2024-12-17T11:38:10","guid":{"rendered":"https:\/\/ocoerente.com.br\/se\/?p=11944"},"modified":"2024-12-17T08:38:11","modified_gmt":"2024-12-17T11:38:11","slug":"governo-do-estado-renova-frota-do-samu-192-sergipe-e-agiliza-atendimento-a-populacao","status":"publish","type":"post","link":"https:\/\/ocoerente.com.br\/se\/2024\/12\/17\/governo-do-estado-renova-frota-do-samu-192-sergipe-e-agiliza-atendimento-a-populacao\/","title":{"rendered":"Governo do Estado renova frota do Samu 192 Sergipe e agiliza atendimento \u00e0 popula\u00e7\u00e3o"},"content":{"rendered":"\n<p><em>Al\u00e9m de fortalecer a rede de urg\u00eancia, a mudan\u00e7a reduziu em 20% a m\u00e9dia mensal de atendimentos por viatura<\/em><\/p>\n\n\n\n<p>A renova\u00e7\u00e3o da frota do Servi\u00e7o de Atendimento M\u00f3vel de Urg\u00eancia (Samu 192) em Sergipe tem garantido mais efici\u00eancia no atendimento, com maior agilidade e qualidade, beneficiando diretamente os 75 munic\u00edpios sergipanos. Com a chegada dos novos ve\u00edculos, o Governo de Sergipe, por meio da Secretaria de Estado de Sa\u00fade (SES), promoveu um importante avan\u00e7o na presta\u00e7\u00e3o do servi\u00e7o \u00e0 popula\u00e7\u00e3o. Al\u00e9m de fortalecer a rede de urg\u00eancia, a mudan\u00e7a reduziu em 20% a m\u00e9dia mensal de atendimentos por viatura, diminuindo o desgaste de ve\u00edculos e equipes, otimizando o tempo de resposta \u00e0s chamadas de emerg\u00eancia.<\/p>\n\n\n\n<p>As ambul\u00e2ncias foram adquiridas por meio de contrato de loca\u00e7\u00e3o. Foram 30 ambul\u00e2ncias somente em setembro deste ano, sendo 11 Unidades de Suporte Avan\u00e7ado (USA) e 19 Unidades de Suporte B\u00e1sico (USB). Com a renova\u00e7\u00e3o da frota, o Governo de Sergipe reafirma o compromisso com a sa\u00fade e a seguran\u00e7a da popula\u00e7\u00e3o, tornando o Samu 192 Sergipe ainda mais eficiente e preparado para salvar vidas.&nbsp;<\/p>\n\n\n\n<p>Segundo o superintendente do Samu, Ronei Melo, o investimento veio em um momento crucial para a unidade. \u201cEsses ve\u00edculos s\u00e3o o cora\u00e7\u00e3o do servi\u00e7o. As ambul\u00e2ncias que t\u00ednhamos j\u00e1 ultrapassavam cinco anos de uso, com quilometragem acima do normal. O governador tomou a decis\u00e3o de renovar praticamente 100% da frota com recursos do pr\u00f3prio Estado, garantindo que o servi\u00e7o continue funcionando com excel\u00eancia\u201d, declarou.&nbsp;<\/p>\n\n\n\n<p>A frota renovada do Samu 192 Sergipe conta com 63 ambul\u00e2ncias em opera\u00e7\u00e3o diariamente: 17 Unidades de Suporte Avan\u00e7ado (USA), equipadas com m\u00e9dico, enfermeiro, t\u00e9cnico e condutor; e 46 Unidades de Suporte B\u00e1sico (USB), compostas por t\u00e9cnico de enfermagem e condutor socorrista. Al\u00e9m disso, quatro motol\u00e2ncias atuam na capital para atender ocorr\u00eancias de forma ainda mais \u00e1gil, al\u00e9m de uma unidade de transporte aerom\u00e9dico, para atendimentos de alta complexidade.<\/p>\n\n\n\n<p><strong>Atendimentos<\/strong><br><br>Com uma m\u00e9dia de 27 mil chamados mensais, sendo respons\u00e1vel por aproximadamente 5 mil atendimentos diretos, distribu\u00eddos em 75,5% de casos pr\u00e9-hospitalares, 18,9% inter-hospitalares e 5,6% de orienta\u00e7\u00f5es m\u00e9dicas, a Central de Regula\u00e7\u00e3o das Urg\u00eancias (CRU) \u00e9 o local onde chegam as chamadas de emerg\u00eancia e urg\u00eancia da popula\u00e7\u00e3o, por meio do telefone 192. A CRU \u00e9 respons\u00e1vel por gerenciar e regular o atendimento de emerg\u00eancia e urg\u00eancia m\u00e9dica em uma determinada regi\u00e3o.&nbsp;<\/p>\n\n\n\n<p>De acordo com dados da Central de Regula\u00e7\u00e3o, a renova\u00e7\u00e3o reduziu em 20% a m\u00e9dia mensal de atendimentos por viatura, diminuindo o desgaste dos ve\u00edculos e das equipes. Esse avan\u00e7o tamb\u00e9m impactou positivamente o tempo de resposta \u00e0s chamadas de emerg\u00eancia.<br><br>A coordenadora do Complexo Regulat\u00f3rio do Estado (que engloba a CRU), Arianne Costa, frisou a import\u00e2ncia do investimento para a efici\u00eancia do servi\u00e7o que \u00e9 prestado \u00e0 popula\u00e7\u00e3o. \u201cCom as novas ambul\u00e2ncias, conseguimos organizar melhor os atendimentos e garantir que as viaturas estejam sempre dispon\u00edveis, mesmo diante de sinistros ou manuten\u00e7\u00f5es\u201d, disse.<br><br><strong>Cobertura<\/strong><br><br>O Samu 192 Sergipe \u00e9 um dos poucos no Brasil a oferecer cobertura integral, atendendo 100% da popula\u00e7\u00e3o do estado, cerca de 2,3 milh\u00f5es de habitantes, com suporte em todos os 75 munic\u00edpios.<\/p>\n\n\n\n<p>Para garantir a efici\u00eancia desse servi\u00e7o, a Central de Regula\u00e7\u00e3o das Urg\u00eancias opera 24 horas por dia, com equipes formadas por t\u00e9cnicos auxiliares de regula\u00e7\u00e3o m\u00e9dica (TARM), que recebem as chamadas pelo trid\u00edgito 192 e registram os dados no sistema e-SUS; m\u00e9dicos reguladores, que avaliam as ocorr\u00eancias e decidem os recursos a serem acionados; al\u00e9m de r\u00e1dio-operadores, que gerenciam a frota em tempo real.<\/p>\n\n\n\n<p>Al\u00e9m disso, a CRU conta com supervisores de enfermagem, frota e m\u00e9dicos para garantir o funcionamento pleno do servi\u00e7o. A tecnologia tamb\u00e9m desempenha um papel fundamental. O Painel de Acompanhamento em Tempo Real (Status) permite monitorar todas as viaturas ativas e baixadas, al\u00e9m de equilibrar a distribui\u00e7\u00e3o de ocorr\u00eancias entre os ve\u00edculos, otimizando os atendimentos.<\/p>\n\n\n\n<p><strong>Avan\u00e7os<\/strong><br><br>A entrega das 45 novas viaturas permitiu que o Samu 192 Sergipe mantivesse 100% da frota operacional, reduzindo a necessidade de deslocamentos longos e desgastantes para as equipes e ve\u00edculos. Como resultado, houve redu\u00e7\u00e3o de custos com combust\u00edvel e manuten\u00e7\u00e3o, melhorias na efici\u00eancia do atendimento e mais qualidade de vida para as equipes. Al\u00e9m do atendimento di\u00e1rio, o Samu 192 Sergipe tamb\u00e9m presta suporte em eventos em todo o estado, assegurando assist\u00eancia r\u00e1pida e eficiente em situa\u00e7\u00f5es de grande demanda.<br><br>Mesmo com esses avan\u00e7os, o Governo do Estado j\u00e1 se prepara para a chegada de novas ambul\u00e2ncias financiadas pelo Minist\u00e9rio da Sa\u00fade, que refor\u00e7ar\u00e3o a frota e criar\u00e3o uma reserva t\u00e9cnica. \u201cCom o investimento realizado e a moderniza\u00e7\u00e3o do servi\u00e7o, o Samu 192 Sergipe mant\u00e9m o compromisso com a sa\u00fade p\u00fablica, garantindo a agilidade necess\u00e1ria para salvar vidas e oferecer um atendimento cada vez mais qualificado \u00e0 popula\u00e7\u00e3o\u201d, concluiu o superintendente do Samu.<\/p>\n\n\n\n<p>Governo de Sergipe<\/p>\n","protected":false},"excerpt":{"rendered":"<p>Al\u00e9m de fortalecer a rede de urg\u00eancia, a mudan\u00e7a reduziu em 20% a m\u00e9dia mensal de atendimentos por viatura A renova\u00e7\u00e3o da frota do Servi\u00e7o de Atendimento M\u00f3vel de Urg\u00eancia (Samu 192) em Sergipe tem garantido mais efici\u00eancia no atendimento, com maior agilidade e qualidade, beneficiando diretamente os 75 munic\u00edpios sergipanos. Com a chegada dos [&hellip;]<\/p>\n","protected":false},"author":1,"featured_media":11945,"comment_status":"closed","ping_status":"closed","sticky":false,"template":"","format":"standard","meta":{"footnotes":""},"categories":[53,54],"tags":[],"class_list":["post-11944","post","type-post","status-publish","format-standard","has-post-thumbnail","hentry","category-destaques","category-saude"],"yoast_head":"<!-- This site is optimized with the Yoast SEO plugin v27.4 - https:\/\/yoast.com\/product\/yoast-seo-wordpress\/ -->\n<title>Governo do Estado renova frota do Samu 192 Sergipe e agiliza atendimento \u00e0 popula\u00e7\u00e3o - O Coerente<\/title>\n<meta name=\"robots\" content=\"index, follow, max-snippet:-1, max-image-preview:large, max-video-preview:-1\" \/>\n<link rel=\"canonical\" href=\"https:\/\/ocoerente.com.br\/se\/2024\/12\/17\/governo-do-estado-renova-frota-do-samu-192-sergipe-e-agiliza-atendimento-a-populacao\/\" \/>\n<meta property=\"og:locale\" content=\"pt_BR\" \/>\n<meta property=\"og:type\" content=\"article\" \/>\n<meta property=\"og:title\" content=\"Governo do Estado renova frota do Samu 192 Sergipe e agiliza atendimento \u00e0 popula\u00e7\u00e3o - O Coerente\" \/>\n<meta property=\"og:description\" content=\"Al\u00e9m de fortalecer a rede de urg\u00eancia, a mudan\u00e7a reduziu em 20% a m\u00e9dia mensal de atendimentos por viatura A renova\u00e7\u00e3o da frota do Servi\u00e7o de Atendimento M\u00f3vel de Urg\u00eancia (Samu 192) em Sergipe tem garantido mais efici\u00eancia no atendimento, com maior agilidade e qualidade, beneficiando diretamente os 75 munic\u00edpios sergipanos. Com a chegada dos [&hellip;]\" \/>\n<meta property=\"og:url\" content=\"https:\/\/ocoerente.com.br\/se\/2024\/12\/17\/governo-do-estado-renova-frota-do-samu-192-sergipe-e-agiliza-atendimento-a-populacao\/\" \/>\n<meta property=\"og:site_name\" content=\"O Coerente\" \/>\n<meta property=\"article:published_time\" content=\"2024-12-17T11:38:10+00:00\" \/>\n<meta property=\"article:modified_time\" content=\"2024-12-17T11:38:11+00:00\" \/>\n<meta property=\"og:image\" content=\"https:\/\/ocoerente.com.br\/se\/wp-content\/uploads\/2024\/12\/352d59.jpg\" \/>\n\t<meta property=\"og:image:width\" content=\"1100\" \/>\n\t<meta property=\"og:image:height\" content=\"610\" \/>\n\t<meta property=\"og:image:type\" content=\"image\/jpeg\" \/>\n<meta name=\"author\" content=\"Reda\u00e7\u00e3o\" \/>\n<meta name=\"twitter:card\" content=\"summary_large_image\" \/>\n<meta name=\"twitter:label1\" content=\"Escrito por\" \/>\n\t<meta name=\"twitter:data1\" content=\"Reda\u00e7\u00e3o\" \/>\n\t<meta name=\"twitter:label2\" content=\"Est. tempo de leitura\" \/>\n\t<meta name=\"twitter:data2\" content=\"5 minutos\" \/>\n<script type=\"application\/ld+json\" class=\"yoast-schema-graph\">{\"@context\":\"https:\\\/\\\/schema.org\",\"@graph\":[{\"@type\":\"Article\",\"@id\":\"https:\\\/\\\/ocoerente.com.br\\\/se\\\/2024\\\/12\\\/17\\\/governo-do-estado-renova-frota-do-samu-192-sergipe-e-agiliza-atendimento-a-populacao\\\/#article\",\"isPartOf\":{\"@id\":\"https:\\\/\\\/ocoerente.com.br\\\/se\\\/2024\\\/12\\\/17\\\/governo-do-estado-renova-frota-do-samu-192-sergipe-e-agiliza-atendimento-a-populacao\\\/\"},\"author\":{\"name\":\"Reda\u00e7\u00e3o\",\"@id\":\"https:\\\/\\\/ocoerente.com.br\\\/se\\\/#\\\/schema\\\/person\\\/cc6bfd9fbca465e23543b0c963d8d037\"},\"headline\":\"Governo do Estado renova frota do Samu 192 Sergipe e agiliza atendimento \u00e0 popula\u00e7\u00e3o\",\"datePublished\":\"2024-12-17T11:38:10+00:00\",\"dateModified\":\"2024-12-17T11:38:11+00:00\",\"mainEntityOfPage\":{\"@id\":\"https:\\\/\\\/ocoerente.com.br\\\/se\\\/2024\\\/12\\\/17\\\/governo-do-estado-renova-frota-do-samu-192-sergipe-e-agiliza-atendimento-a-populacao\\\/\"},\"wordCount\":902,\"publisher\":{\"@id\":\"https:\\\/\\\/ocoerente.com.br\\\/se\\\/#\\\/schema\\\/person\\\/cc6bfd9fbca465e23543b0c963d8d037\"},\"image\":{\"@id\":\"https:\\\/\\\/ocoerente.com.br\\\/se\\\/2024\\\/12\\\/17\\\/governo-do-estado-renova-frota-do-samu-192-sergipe-e-agiliza-atendimento-a-populacao\\\/#primaryimage\"},\"thumbnailUrl\":\"https:\\\/\\\/ocoerente.com.br\\\/se\\\/wp-content\\\/uploads\\\/2024\\\/12\\\/352d59.jpg\",\"articleSection\":[\"Destaques\",\"Sa\u00fade\"],\"inLanguage\":\"pt-BR\"},{\"@type\":\"WebPage\",\"@id\":\"https:\\\/\\\/ocoerente.com.br\\\/se\\\/2024\\\/12\\\/17\\\/governo-do-estado-renova-frota-do-samu-192-sergipe-e-agiliza-atendimento-a-populacao\\\/\",\"url\":\"https:\\\/\\\/ocoerente.com.br\\\/se\\\/2024\\\/12\\\/17\\\/governo-do-estado-renova-frota-do-samu-192-sergipe-e-agiliza-atendimento-a-populacao\\\/\",\"name\":\"Governo do Estado renova frota do Samu 192 Sergipe e agiliza atendimento \u00e0 popula\u00e7\u00e3o - O Coerente\",\"isPartOf\":{\"@id\":\"https:\\\/\\\/ocoerente.com.br\\\/se\\\/#website\"},\"primaryImageOfPage\":{\"@id\":\"https:\\\/\\\/ocoerente.com.br\\\/se\\\/2024\\\/12\\\/17\\\/governo-do-estado-renova-frota-do-samu-192-sergipe-e-agiliza-atendimento-a-populacao\\\/#primaryimage\"},\"image\":{\"@id\":\"https:\\\/\\\/ocoerente.com.br\\\/se\\\/2024\\\/12\\\/17\\\/governo-do-estado-renova-frota-do-samu-192-sergipe-e-agiliza-atendimento-a-populacao\\\/#primaryimage\"},\"thumbnailUrl\":\"https:\\\/\\\/ocoerente.com.br\\\/se\\\/wp-content\\\/uploads\\\/2024\\\/12\\\/352d59.jpg\",\"datePublished\":\"2024-12-17T11:38:10+00:00\",\"dateModified\":\"2024-12-17T11:38:11+00:00\",\"breadcrumb\":{\"@id\":\"https:\\\/\\\/ocoerente.com.br\\\/se\\\/2024\\\/12\\\/17\\\/governo-do-estado-renova-frota-do-samu-192-sergipe-e-agiliza-atendimento-a-populacao\\\/#breadcrumb\"},\"inLanguage\":\"pt-BR\",\"potentialAction\":[{\"@type\":\"ReadAction\",\"target\":[\"https:\\\/\\\/ocoerente.com.br\\\/se\\\/2024\\\/12\\\/17\\\/governo-do-estado-renova-frota-do-samu-192-sergipe-e-agiliza-atendimento-a-populacao\\\/\"]}]},{\"@type\":\"ImageObject\",\"inLanguage\":\"pt-BR\",\"@id\":\"https:\\\/\\\/ocoerente.com.br\\\/se\\\/2024\\\/12\\\/17\\\/governo-do-estado-renova-frota-do-samu-192-sergipe-e-agiliza-atendimento-a-populacao\\\/#primaryimage\",\"url\":\"https:\\\/\\\/ocoerente.com.br\\\/se\\\/wp-content\\\/uploads\\\/2024\\\/12\\\/352d59.jpg\",\"contentUrl\":\"https:\\\/\\\/ocoerente.com.br\\\/se\\\/wp-content\\\/uploads\\\/2024\\\/12\\\/352d59.jpg\",\"width\":1100,\"height\":610,\"caption\":\"Governo do Estado renova frota do Samu 192 Sergipe e agiliza atendimento \u00e0 popula\u00e7\u00e3o\\\/\\\/ Foto: Thiago Santos\"},{\"@type\":\"BreadcrumbList\",\"@id\":\"https:\\\/\\\/ocoerente.com.br\\\/se\\\/2024\\\/12\\\/17\\\/governo-do-estado-renova-frota-do-samu-192-sergipe-e-agiliza-atendimento-a-populacao\\\/#breadcrumb\",\"itemListElement\":[{\"@type\":\"ListItem\",\"position\":1,\"name\":\"In\u00edcio\",\"item\":\"https:\\\/\\\/ocoerente.com.br\\\/se\\\/\"},{\"@type\":\"ListItem\",\"position\":2,\"name\":\"Governo do Estado renova frota do Samu 192 Sergipe e agiliza atendimento \u00e0 popula\u00e7\u00e3o\"}]},{\"@type\":\"WebSite\",\"@id\":\"https:\\\/\\\/ocoerente.com.br\\\/se\\\/#website\",\"url\":\"https:\\\/\\\/ocoerente.com.br\\\/se\\\/\",\"name\":\"O Coerente\",\"description\":\"\",\"publisher\":{\"@id\":\"https:\\\/\\\/ocoerente.com.br\\\/se\\\/#\\\/schema\\\/person\\\/cc6bfd9fbca465e23543b0c963d8d037\"},\"potentialAction\":[{\"@type\":\"SearchAction\",\"target\":{\"@type\":\"EntryPoint\",\"urlTemplate\":\"https:\\\/\\\/ocoerente.com.br\\\/se\\\/?s={search_term_string}\"},\"query-input\":{\"@type\":\"PropertyValueSpecification\",\"valueRequired\":true,\"valueName\":\"search_term_string\"}}],\"inLanguage\":\"pt-BR\"},{\"@type\":[\"Person\",\"Organization\"],\"@id\":\"https:\\\/\\\/ocoerente.com.br\\\/se\\\/#\\\/schema\\\/person\\\/cc6bfd9fbca465e23543b0c963d8d037\",\"name\":\"Reda\u00e7\u00e3o\",\"image\":{\"@type\":\"ImageObject\",\"inLanguage\":\"pt-BR\",\"@id\":\"https:\\\/\\\/ocoerente.com.br\\\/se\\\/wp-content\\\/uploads\\\/2020\\\/01\\\/ocoerente-1.png\",\"url\":\"https:\\\/\\\/ocoerente.com.br\\\/se\\\/wp-content\\\/uploads\\\/2020\\\/01\\\/ocoerente-1.png\",\"contentUrl\":\"https:\\\/\\\/ocoerente.com.br\\\/se\\\/wp-content\\\/uploads\\\/2020\\\/01\\\/ocoerente-1.png\",\"width\":50,\"height\":50,\"caption\":\"Reda\u00e7\u00e3o\"},\"logo\":{\"@id\":\"https:\\\/\\\/ocoerente.com.br\\\/se\\\/wp-content\\\/uploads\\\/2020\\\/01\\\/ocoerente-1.png\"},\"url\":\"https:\\\/\\\/ocoerente.com.br\\\/se\\\/author\\\/vasticlsales\\\/\"}]}<\/script>\n<!-- \/ Yoast SEO plugin. -->","yoast_head_json":{"title":"Governo do Estado renova frota do Samu 192 Sergipe e agiliza atendimento \u00e0 popula\u00e7\u00e3o - O Coerente","robots":{"index":"index","follow":"follow","max-snippet":"max-snippet:-1","max-image-preview":"max-image-preview:large","max-video-preview":"max-video-preview:-1"},"canonical":"https:\/\/ocoerente.com.br\/se\/2024\/12\/17\/governo-do-estado-renova-frota-do-samu-192-sergipe-e-agiliza-atendimento-a-populacao\/","og_locale":"pt_BR","og_type":"article","og_title":"Governo do Estado renova frota do Samu 192 Sergipe e agiliza atendimento \u00e0 popula\u00e7\u00e3o - O Coerente","og_description":"Al\u00e9m de fortalecer a rede de urg\u00eancia, a mudan\u00e7a reduziu em 20% a m\u00e9dia mensal de atendimentos por viatura A renova\u00e7\u00e3o da frota do Servi\u00e7o de Atendimento M\u00f3vel de Urg\u00eancia (Samu 192) em Sergipe tem garantido mais efici\u00eancia no atendimento, com maior agilidade e qualidade, beneficiando diretamente os 75 munic\u00edpios sergipanos. Com a chegada dos [&hellip;]","og_url":"https:\/\/ocoerente.com.br\/se\/2024\/12\/17\/governo-do-estado-renova-frota-do-samu-192-sergipe-e-agiliza-atendimento-a-populacao\/","og_site_name":"O Coerente","article_published_time":"2024-12-17T11:38:10+00:00","article_modified_time":"2024-12-17T11:38:11+00:00","og_image":[{"width":1100,"height":610,"url":"https:\/\/ocoerente.com.br\/se\/wp-content\/uploads\/2024\/12\/352d59.jpg","type":"image\/jpeg"}],"author":"Reda\u00e7\u00e3o","twitter_card":"summary_large_image","twitter_misc":{"Escrito por":"Reda\u00e7\u00e3o","Est. tempo de leitura":"5 minutos"},"schema":{"@context":"https:\/\/schema.org","@graph":[{"@type":"Article","@id":"https:\/\/ocoerente.com.br\/se\/2024\/12\/17\/governo-do-estado-renova-frota-do-samu-192-sergipe-e-agiliza-atendimento-a-populacao\/#article","isPartOf":{"@id":"https:\/\/ocoerente.com.br\/se\/2024\/12\/17\/governo-do-estado-renova-frota-do-samu-192-sergipe-e-agiliza-atendimento-a-populacao\/"},"author":{"name":"Reda\u00e7\u00e3o","@id":"https:\/\/ocoerente.com.br\/se\/#\/schema\/person\/cc6bfd9fbca465e23543b0c963d8d037"},"headline":"Governo do Estado renova frota do Samu 192 Sergipe e agiliza atendimento \u00e0 popula\u00e7\u00e3o","datePublished":"2024-12-17T11:38:10+00:00","dateModified":"2024-12-17T11:38:11+00:00","mainEntityOfPage":{"@id":"https:\/\/ocoerente.com.br\/se\/2024\/12\/17\/governo-do-estado-renova-frota-do-samu-192-sergipe-e-agiliza-atendimento-a-populacao\/"},"wordCount":902,"publisher":{"@id":"https:\/\/ocoerente.com.br\/se\/#\/schema\/person\/cc6bfd9fbca465e23543b0c963d8d037"},"image":{"@id":"https:\/\/ocoerente.com.br\/se\/2024\/12\/17\/governo-do-estado-renova-frota-do-samu-192-sergipe-e-agiliza-atendimento-a-populacao\/#primaryimage"},"thumbnailUrl":"https:\/\/ocoerente.com.br\/se\/wp-content\/uploads\/2024\/12\/352d59.jpg","articleSection":["Destaques","Sa\u00fade"],"inLanguage":"pt-BR"},{"@type":"WebPage","@id":"https:\/\/ocoerente.com.br\/se\/2024\/12\/17\/governo-do-estado-renova-frota-do-samu-192-sergipe-e-agiliza-atendimento-a-populacao\/","url":"https:\/\/ocoerente.com.br\/se\/2024\/12\/17\/governo-do-estado-renova-frota-do-samu-192-sergipe-e-agiliza-atendimento-a-populacao\/","name":"Governo do Estado renova frota do Samu 192 Sergipe e agiliza atendimento \u00e0 popula\u00e7\u00e3o - O Coerente","isPartOf":{"@id":"https:\/\/ocoerente.com.br\/se\/#website"},"primaryImageOfPage":{"@id":"https:\/\/ocoerente.com.br\/se\/2024\/12\/17\/governo-do-estado-renova-frota-do-samu-192-sergipe-e-agiliza-atendimento-a-populacao\/#primaryimage"},"image":{"@id":"https:\/\/ocoerente.com.br\/se\/2024\/12\/17\/governo-do-estado-renova-frota-do-samu-192-sergipe-e-agiliza-atendimento-a-populacao\/#primaryimage"},"thumbnailUrl":"https:\/\/ocoerente.com.br\/se\/wp-content\/uploads\/2024\/12\/352d59.jpg","datePublished":"2024-12-17T11:38:10+00:00","dateModified":"2024-12-17T11:38:11+00:00","breadcrumb":{"@id":"https:\/\/ocoerente.com.br\/se\/2024\/12\/17\/governo-do-estado-renova-frota-do-samu-192-sergipe-e-agiliza-atendimento-a-populacao\/#breadcrumb"},"inLanguage":"pt-BR","potentialAction":[{"@type":"ReadAction","target":["https:\/\/ocoerente.com.br\/se\/2024\/12\/17\/governo-do-estado-renova-frota-do-samu-192-sergipe-e-agiliza-atendimento-a-populacao\/"]}]},{"@type":"ImageObject","inLanguage":"pt-BR","@id":"https:\/\/ocoerente.com.br\/se\/2024\/12\/17\/governo-do-estado-renova-frota-do-samu-192-sergipe-e-agiliza-atendimento-a-populacao\/#primaryimage","url":"https:\/\/ocoerente.com.br\/se\/wp-content\/uploads\/2024\/12\/352d59.jpg","contentUrl":"https:\/\/ocoerente.com.br\/se\/wp-content\/uploads\/2024\/12\/352d59.jpg","width":1100,"height":610,"caption":"Governo do Estado renova frota do Samu 192 Sergipe e agiliza atendimento \u00e0 popula\u00e7\u00e3o\/\/ Foto: Thiago Santos"},{"@type":"BreadcrumbList","@id":"https:\/\/ocoerente.com.br\/se\/2024\/12\/17\/governo-do-estado-renova-frota-do-samu-192-sergipe-e-agiliza-atendimento-a-populacao\/#breadcrumb","itemListElement":[{"@type":"ListItem","position":1,"name":"In\u00edcio","item":"https:\/\/ocoerente.com.br\/se\/"},{"@type":"ListItem","position":2,"name":"Governo do Estado renova frota do Samu 192 Sergipe e agiliza atendimento \u00e0 popula\u00e7\u00e3o"}]},{"@type":"WebSite","@id":"https:\/\/ocoerente.com.br\/se\/#website","url":"https:\/\/ocoerente.com.br\/se\/","name":"O Coerente","description":"","publisher":{"@id":"https:\/\/ocoerente.com.br\/se\/#\/schema\/person\/cc6bfd9fbca465e23543b0c963d8d037"},"potentialAction":[{"@type":"SearchAction","target":{"@type":"EntryPoint","urlTemplate":"https:\/\/ocoerente.com.br\/se\/?s={search_term_string}"},"query-input":{"@type":"PropertyValueSpecification","valueRequired":true,"valueName":"search_term_string"}}],"inLanguage":"pt-BR"},{"@type":["Person","Organization"],"@id":"https:\/\/ocoerente.com.br\/se\/#\/schema\/person\/cc6bfd9fbca465e23543b0c963d8d037","name":"Reda\u00e7\u00e3o","image":{"@type":"ImageObject","inLanguage":"pt-BR","@id":"https:\/\/ocoerente.com.br\/se\/wp-content\/uploads\/2020\/01\/ocoerente-1.png","url":"https:\/\/ocoerente.com.br\/se\/wp-content\/uploads\/2020\/01\/ocoerente-1.png","contentUrl":"https:\/\/ocoerente.com.br\/se\/wp-content\/uploads\/2020\/01\/ocoerente-1.png","width":50,"height":50,"caption":"Reda\u00e7\u00e3o"},"logo":{"@id":"https:\/\/ocoerente.com.br\/se\/wp-content\/uploads\/2020\/01\/ocoerente-1.png"},"url":"https:\/\/ocoerente.com.br\/se\/author\/vasticlsales\/"}]}},"_links":{"self":[{"href":"https:\/\/ocoerente.com.br\/se\/wp-json\/wp\/v2\/posts\/11944","targetHints":{"allow":["GET"]}}],"collection":[{"href":"https:\/\/ocoerente.com.br\/se\/wp-json\/wp\/v2\/posts"}],"about":[{"href":"https:\/\/ocoerente.com.br\/se\/wp-json\/wp\/v2\/types\/post"}],"author":[{"embeddable":true,"href":"https:\/\/ocoerente.com.br\/se\/wp-json\/wp\/v2\/users\/1"}],"replies":[{"embeddable":true,"href":"https:\/\/ocoerente.com.br\/se\/wp-json\/wp\/v2\/comments?post=11944"}],"version-history":[{"count":1,"href":"https:\/\/ocoerente.com.br\/se\/wp-json\/wp\/v2\/posts\/11944\/revisions"}],"predecessor-version":[{"id":11946,"href":"https:\/\/ocoerente.com.br\/se\/wp-json\/wp\/v2\/posts\/11944\/revisions\/11946"}],"wp:featuredmedia":[{"embeddable":true,"href":"https:\/\/ocoerente.com.br\/se\/wp-json\/wp\/v2\/media\/11945"}],"wp:attachment":[{"href":"https:\/\/ocoerente.com.br\/se\/wp-json\/wp\/v2\/media?parent=11944"}],"wp:term":[{"taxonomy":"category","embeddable":true,"href":"https:\/\/ocoerente.com.br\/se\/wp-json\/wp\/v2\/categories?post=11944"},{"taxonomy":"post_tag","embeddable":true,"href":"https:\/\/ocoerente.com.br\/se\/wp-json\/wp\/v2\/tags?post=11944"}],"curies":[{"name":"wp","href":"https:\/\/api.w.org\/{rel}","templated":true}]}}